{"id":81671,"date":"2026-04-28T12:46:55","date_gmt":"2026-04-28T12:46:55","guid":{"rendered":"https:\/\/www.fanzword.com\/?p=81671"},"modified":"2026-04-28T12:46:55","modified_gmt":"2026-04-28T12:46:55","slug":"florentino-perez-choisit-mourinho-pour-entrainer-le-real-madrid-la-saison-prochaine","status":"publish","type":"post","link":"https:\/\/www.fanzword.com\/fr\/florentino-perez-choisit-mourinho-pour-entrainer-le-real-madrid-la-saison-prochaine\/","title":{"rendered":"Florentino P\u00e9rez choisit Mourinho pour entra\u00eener le Real Madrid la saison prochaine"},"content":{"rendered":"<p>Le pr\u00e9sident du Real Madrid, Florentino P\u00e9rez, aura toute latitude pour choisir le prochain entra\u00eeneur du club, rejetant toute recommandation de la direction ou de ses proches collaborateurs. Cette d\u00e9cision t\u00e9moigne de sa d\u00e9ception quant \u00e0 la gestion du Real Madrid au Santiago Bernab\u00e9u ces derniers mois.<\/p>\n<p>Le journal El Mundo indique que le pr\u00e9sident du Real Madrid a d\u00e9finitivement d\u00e9cid\u00e9 de se s\u00e9parer d&rsquo;\u00c1lvaro Arbeloa, entra\u00eeneur de l&rsquo;\u00e9quipe premi\u00e8re, \u00e0 la fin de la saison. Le technicien de 42 ans se verra proposer un retour \u00e0 la t\u00eate de l&rsquo;\u00e9quipe r\u00e9serve.<\/p>\n<p>P\u00e9rez \u00e9tait initialement oppos\u00e9 \u00e0 la nomination de Xabi Alonso, mais sous la pression de son entourage, il a fini par accepter. Il souhaitait limoger Alonso d\u00e8s d\u00e9cembre, mais sur les conseils du PDG Miguel \u00c1ngel S\u00e1nchez, il a d\u00e9cid\u00e9 d&rsquo;attendre la fin de la Supercoupe d&rsquo;Espagne, une d\u00e9cision qui s&rsquo;est av\u00e9r\u00e9e fatale pour le Real Madrid.<\/p>\n<p>\u00c9tonnamment, P\u00e9rez n&rsquo;\u00e9tait pas convaincu par la nomination d&rsquo;Arbeloa \u00e0 la place d&rsquo;Alonso, mais il y a \u00e9t\u00e9 contraint faute d&rsquo;alternatives. Le r\u00e9sultat fut un \u00e9chec retentissant pour l&rsquo;entra\u00eeneur espagnol, avec une saison sans troph\u00e9e pour la deuxi\u00e8me ann\u00e9e cons\u00e9cutive.<\/p>\n<p>C&rsquo;est pourquoi P\u00e9rez souhaite prendre lui-m\u00eame la d\u00e9cision, sans aucune ing\u00e9rence ext\u00e9rieure, afin de s&rsquo;assurer que le nouvel entra\u00eeneur adh\u00e8re parfaitement \u00e0 sa vision strat\u00e9gique globale pour le projet \u00e0 venir. Le pr\u00e9sident consid\u00e8re cette d\u00e9cision comme \u00ab cruciale \u00bb pour l&rsquo;avenir du Real Madrid.<\/p>\n<p>Il souhaite recruter un entra\u00eeneur capable de g\u00e9rer des joueurs vedettes et un vestiaire compos\u00e9 de stars avec efficacit\u00e9 et d\u00e9termination. De plus, le nouvel entra\u00eeneur doit avoir fait ses preuves dans le football, ce qui signifie qu&rsquo;il ne souhaite pas engager un jeune manager inexp\u00e9riment\u00e9.<\/p>\n<p>\u00c0 cet \u00e9gard, The Athletic rapporte que le retour de Jos\u00e9 Mourinho est actuellement l&rsquo;option privil\u00e9gi\u00e9e par P\u00e9rez.<\/p>\n<p>Le \u00ab Special One \u00bb avait laiss\u00e9 entendre son d\u00e9sir de revenir entra\u00eener le Real Madrid, et selon les m\u00e9dias, il aurait d\u00e9j\u00e0 inform\u00e9 ses proches de son intention de quitter Benfica pour retourner au Santiago Bernab\u00e9u.<\/p>\n<p>Le retour de Mourinho ne fait pas l&rsquo;unanimit\u00e9 au Real Madrid, mais P\u00e9rez a d\u00e9cid\u00e9 de prendre cette d\u00e9cision seul, sans consulter personne, faisant ainsi du technicien portugais le favori pour succ\u00e9der \u00e0 Arbeloa dans la capitale espagnole.<\/p>\n","protected":false},"excerpt":{"rendered":"<p>Le pr\u00e9sident du Real Madrid, Florentino P\u00e9rez, aura toute latitude pour choisir le prochain entra\u00eeneur du club, rejetant toute recommandation de la direction ou de ses proches collaborateurs. Cette d\u00e9cision t\u00e9moigne de sa d\u00e9ception quant \u00e0 la gestion du Real Madrid au Santiago Bernab\u00e9u ces derniers mois. Le journal El Mundo indique que le pr\u00e9sident [&hellip;]<\/p>\n","protected":false},"author":2,"featured_media":81668,"comment_status":"closed","ping_status":"closed","sticky":false,"template":"","format":"standard","meta":{"sfio_featured_image":false,"sfio_embed_code":"","footnotes":""},"categories":[220,222],"tags":[],"class_list":["post-81671","post","type-post","status-publish","format-standard","has-post-thumbnail","hentry","category-la-liga-fr","category-real-madrid-fr"],"_links":{"self":[{"href":"https:\/\/www.fanzword.com\/fr\/wp-json\/wp\/v2\/posts\/81671","targetHints":{"allow":["GET"]}}],"collection":[{"href":"https:\/\/www.fanzword.com\/fr\/wp-json\/wp\/v2\/posts"}],"about":[{"href":"https:\/\/www.fanzword.com\/fr\/wp-json\/wp\/v2\/types\/post"}],"author":[{"embeddable":true,"href":"https:\/\/www.fanzword.com\/fr\/wp-json\/wp\/v2\/users\/2"}],"replies":[{"embeddable":true,"href":"https:\/\/www.fanzword.com\/fr\/wp-json\/wp\/v2\/comments?post=81671"}],"version-history":[{"count":1,"href":"https:\/\/www.fanzword.com\/fr\/wp-json\/wp\/v2\/posts\/81671\/revisions"}],"predecessor-version":[{"id":81672,"href":"https:\/\/www.fanzword.com\/fr\/wp-json\/wp\/v2\/posts\/81671\/revisions\/81672"}],"wp:featuredmedia":[{"embeddable":true,"href":"https:\/\/www.fanzword.com\/fr\/wp-json\/wp\/v2\/media\/81668"}],"wp:attachment":[{"href":"https:\/\/www.fanzword.com\/fr\/wp-json\/wp\/v2\/media?parent=81671"}],"wp:term":[{"taxonomy":"category","embeddable":true,"href":"https:\/\/www.fanzword.com\/fr\/wp-json\/wp\/v2\/categories?post=81671"},{"taxonomy":"post_tag","embeddable":true,"href":"https:\/\/www.fanzword.com\/fr\/wp-json\/wp\/v2\/tags?post=81671"}],"curies":[{"name":"wp","href":"https:\/\/api.w.org\/{rel}","templated":true}]}}