{"id":81661,"date":"2026-04-28T12:41:31","date_gmt":"2026-04-28T12:41:31","guid":{"rendered":"https:\/\/www.fanzword.com\/?p=81661"},"modified":"2026-04-28T12:41:31","modified_gmt":"2026-04-28T12:41:31","slug":"la-saison-domar-gaber-star-du-zamalek-sacheve-sur-blessure","status":"publish","type":"post","link":"https:\/\/www.fanzword.com\/fr\/la-saison-domar-gaber-star-du-zamalek-sacheve-sur-blessure\/","title":{"rendered":"La saison d&rsquo;Omar Gaber, star du Zamalek, s&rsquo;ach\u00e8ve sur blessure"},"content":{"rendered":"<p>Selon les m\u00e9dias \u00e9gyptiens, Omar Gaber ne pourra plus jouer pour le Zamalek cette saison en raison d&rsquo;une blessure.<\/p>\n<p>Le capitaine des Chevaliers Blancs a d\u00fb quitter le terrain lundi contre Enppi en premi\u00e8re mi-temps apr\u00e8s avoir subi une grave blessure musculaire.<\/p>\n<p>Les examens m\u00e9dicaux, pass\u00e9s par le joueur de 33 ans, ont confirm\u00e9 une d\u00e9chirure aux ischio-jambiers, une blessure qui n\u00e9cessite g\u00e9n\u00e9ralement un \u00e0 deux mois de convalescence avant un retour sur le terrain.<\/p>\n<p>Cette blessure confirme l&rsquo;absence de Gaber pour le prochain match contre Al Ahly vendredi, et il lui est pratiquement impossible de participer \u00e0 la moindre rencontre du Zamalek avant la fin de la saison, le 20 mai.<\/p>\n<p>L&rsquo;absence du capitaine sera sans aucun doute un coup dur pour l&rsquo;\u00e9quipe de Moataz Gamal, d&rsquo;autant plus que son seul rempla\u00e7ant est le jeune Mohamed Ibrahim, et l&rsquo;\u00e9cart d&rsquo;exp\u00e9rience et de niveau entre les deux reste consid\u00e9rable.<\/p>\n<p>Zamalek domine le classement du championnat \u00e9gyptien avec 3 points d&rsquo;avance sur son dauphin, Pyramids, \u00e0 trois journ\u00e9es de la fin. L&rsquo;\u00e9quipe disputera \u00e9galement la finale de la Coupe de la Conf\u00e9d\u00e9ration face \u00e0 l&rsquo;USM Alger (Alg\u00e9rie).<\/p>\n","protected":false},"excerpt":{"rendered":"<p>Selon les m\u00e9dias \u00e9gyptiens, Omar Gaber ne pourra plus jouer pour le Zamalek cette saison en raison d&rsquo;une blessure. Le capitaine des Chevaliers Blancs a d\u00fb quitter le terrain lundi contre Enppi en premi\u00e8re mi-temps apr\u00e8s avoir subi une grave blessure musculaire. Les examens m\u00e9dicaux, pass\u00e9s par le joueur de 33 ans, ont confirm\u00e9 une [&hellip;]<\/p>\n","protected":false},"author":2,"featured_media":81659,"comment_status":"closed","ping_status":"closed","sticky":false,"template":"","format":"standard","meta":{"sfio_featured_image":false,"sfio_embed_code":"","footnotes":""},"categories":[245],"tags":[],"class_list":["post-81661","post","type-post","status-publish","format-standard","has-post-thumbnail","hentry","category-zamalek-fr"],"_links":{"self":[{"href":"https:\/\/www.fanzword.com\/fr\/wp-json\/wp\/v2\/posts\/81661","targetHints":{"allow":["GET"]}}],"collection":[{"href":"https:\/\/www.fanzword.com\/fr\/wp-json\/wp\/v2\/posts"}],"about":[{"href":"https:\/\/www.fanzword.com\/fr\/wp-json\/wp\/v2\/types\/post"}],"author":[{"embeddable":true,"href":"https:\/\/www.fanzword.com\/fr\/wp-json\/wp\/v2\/users\/2"}],"replies":[{"embeddable":true,"href":"https:\/\/www.fanzword.com\/fr\/wp-json\/wp\/v2\/comments?post=81661"}],"version-history":[{"count":1,"href":"https:\/\/www.fanzword.com\/fr\/wp-json\/wp\/v2\/posts\/81661\/revisions"}],"predecessor-version":[{"id":81662,"href":"https:\/\/www.fanzword.com\/fr\/wp-json\/wp\/v2\/posts\/81661\/revisions\/81662"}],"wp:featuredmedia":[{"embeddable":true,"href":"https:\/\/www.fanzword.com\/fr\/wp-json\/wp\/v2\/media\/81659"}],"wp:attachment":[{"href":"https:\/\/www.fanzword.com\/fr\/wp-json\/wp\/v2\/media?parent=81661"}],"wp:term":[{"taxonomy":"category","embeddable":true,"href":"https:\/\/www.fanzword.com\/fr\/wp-json\/wp\/v2\/categories?post=81661"},{"taxonomy":"post_tag","embeddable":true,"href":"https:\/\/www.fanzword.com\/fr\/wp-json\/wp\/v2\/tags?post=81661"}],"curies":[{"name":"wp","href":"https:\/\/api.w.org\/{rel}","templated":true}]}}