{"id":81652,"date":"2026-04-28T12:33:37","date_gmt":"2026-04-28T12:33:37","guid":{"rendered":"https:\/\/www.fanzword.com\/?p=81652"},"modified":"2026-04-28T12:33:37","modified_gmt":"2026-04-28T12:33:37","slug":"bonne-nouvelle-pour-le-real-madrid-avant-le-clasico","status":"publish","type":"post","link":"https:\/\/www.fanzword.com\/fr\/bonne-nouvelle-pour-le-real-madrid-avant-le-clasico\/","title":{"rendered":"Bonne nouvelle pour le Real Madrid avant le Cl\u00e1sico"},"content":{"rendered":"<p>Thibaut Courtois sera disponible pour le match Real Madrid-Barcelone le 10 mai apr\u00e8s sa convalescence.<\/p>\n<p>Le gardien belge \u00e9tait absent depuis mi-mars suite \u00e0 une blessure contract\u00e9e lors du match retour des huiti\u00e8mes de finale de la Ligue des Champions contre Manchester City.<\/p>\n<p>Depuis l&rsquo;absence de Courtois, les r\u00e9sultats du Real Madrid ont nettement baiss\u00e9, malgr\u00e9 les tentatives d&rsquo;Andriy Lunin pour le suppl\u00e9er. Cependant, son retour dans l&rsquo;effectif d&rsquo;\u00c1lvaro Arbeloa est d\u00e9sormais imminent.<\/p>\n<p>Marca rapporte que Courtois rejoindra progressivement les entra\u00eenements collectifs du Real Madrid prochainement et, sauf impr\u00e9vu, il devrait \u00eatre pr\u00eat dans 13 jours.<\/p>\n<p>Le joueur de 32 ans manquera le match contre l&rsquo;Espanyol mais sera apte \u00e0 d\u00e9fendre les cages des Merengues lors du Cl\u00e1sico.<\/p>\n<p>Cette nouvelle donne espoir au Real Madrid pour un bon r\u00e9sultat lors du Clasico, d&rsquo;autant plus que l&rsquo;absence de Courtois a entra\u00een\u00e9 3 d\u00e9faites et 2 nuls, contre seulement 2 victoires lors des 7 derniers matchs toutes comp\u00e9titions confondues.<\/p>\n","protected":false},"excerpt":{"rendered":"<p>Thibaut Courtois sera disponible pour le match Real Madrid-Barcelone le 10 mai apr\u00e8s sa convalescence. Le gardien belge \u00e9tait absent depuis mi-mars suite \u00e0 une blessure contract\u00e9e lors du match retour des huiti\u00e8mes de finale de la Ligue des Champions contre Manchester City. Depuis l&rsquo;absence de Courtois, les r\u00e9sultats du Real Madrid ont nettement baiss\u00e9, [&hellip;]<\/p>\n","protected":false},"author":2,"featured_media":81649,"comment_status":"closed","ping_status":"closed","sticky":false,"template":"","format":"standard","meta":{"sfio_featured_image":false,"sfio_embed_code":"","footnotes":""},"categories":[220,222],"tags":[],"class_list":["post-81652","post","type-post","status-publish","format-standard","has-post-thumbnail","hentry","category-la-liga-fr","category-real-madrid-fr"],"_links":{"self":[{"href":"https:\/\/www.fanzword.com\/fr\/wp-json\/wp\/v2\/posts\/81652","targetHints":{"allow":["GET"]}}],"collection":[{"href":"https:\/\/www.fanzword.com\/fr\/wp-json\/wp\/v2\/posts"}],"about":[{"href":"https:\/\/www.fanzword.com\/fr\/wp-json\/wp\/v2\/types\/post"}],"author":[{"embeddable":true,"href":"https:\/\/www.fanzword.com\/fr\/wp-json\/wp\/v2\/users\/2"}],"replies":[{"embeddable":true,"href":"https:\/\/www.fanzword.com\/fr\/wp-json\/wp\/v2\/comments?post=81652"}],"version-history":[{"count":1,"href":"https:\/\/www.fanzword.com\/fr\/wp-json\/wp\/v2\/posts\/81652\/revisions"}],"predecessor-version":[{"id":81653,"href":"https:\/\/www.fanzword.com\/fr\/wp-json\/wp\/v2\/posts\/81652\/revisions\/81653"}],"wp:featuredmedia":[{"embeddable":true,"href":"https:\/\/www.fanzword.com\/fr\/wp-json\/wp\/v2\/media\/81649"}],"wp:attachment":[{"href":"https:\/\/www.fanzword.com\/fr\/wp-json\/wp\/v2\/media?parent=81652"}],"wp:term":[{"taxonomy":"category","embeddable":true,"href":"https:\/\/www.fanzword.com\/fr\/wp-json\/wp\/v2\/categories?post=81652"},{"taxonomy":"post_tag","embeddable":true,"href":"https:\/\/www.fanzword.com\/fr\/wp-json\/wp\/v2\/tags?post=81652"}],"curies":[{"name":"wp","href":"https:\/\/api.w.org\/{rel}","templated":true}]}}