{"id":81553,"date":"2026-04-27T18:51:37","date_gmt":"2026-04-27T18:51:37","guid":{"rendered":"https:\/\/www.fanzword.com\/?p=81553"},"modified":"2026-04-27T18:51:37","modified_gmt":"2026-04-27T18:51:37","slug":"modric-opere-durgence-sa-participation-a-la-coupe-du-monde-2026-compromise","status":"publish","type":"post","link":"https:\/\/www.fanzword.com\/fr\/modric-opere-durgence-sa-participation-a-la-coupe-du-monde-2026-compromise\/","title":{"rendered":"Modric op\u00e9r\u00e9 d&rsquo;urgence\u00a0; sa participation \u00e0 la Coupe du Monde 2026 compromise"},"content":{"rendered":"<p>L&rsquo;AC Milan a publi\u00e9 un communiqu\u00e9 officiel confirmant que son joueur vedette, Luka Modric, a \u00e9t\u00e9 op\u00e9r\u00e9 aujourd&rsquo;hui suite \u00e0 de multiples fractures faciales.<\/p>\n<p>Le milieu de terrain v\u00e9t\u00e9ran a d\u00fb quitter le terrain apr\u00e8s un choc t\u00eate contre t\u00eate involontaire avec le milieu de terrain de la Juventus, Manuel Locatelli, lors du match de Serie A d&rsquo;hier soir \u00e0 San Siro, qui s&rsquo;est sold\u00e9 par un match nul et vierge.<\/p>\n<p>Le communiqu\u00e9 milanais a r\u00e9v\u00e9l\u00e9 que la blessure \u00e9tait une fracture complexe et multiple de la pommette gauche, n\u00e9cessitant une intervention chirurgicale imm\u00e9diate \u00e0 la clinique La Madonnina sous la supervision du Dr Luca Oteltano, en pr\u00e9sence des membres du staff m\u00e9dical milanais Stefano Mazzoni et Andrea Pulgeroni.<\/p>\n<p>Le club a confirm\u00e9 que la saison du joueur est officiellement termin\u00e9e et lui souhaite un prompt r\u00e9tablissement avant le d\u00e9but de la Coupe du Monde.<\/p>\n<p>Ce type de blessure n\u00e9cessite g\u00e9n\u00e9ralement une p\u00e9riode de convalescence de six \u00e0 huit semaines.<\/p>\n<p>Selon les premi\u00e8res informations, Modric pourra participer \u00e0 la Coupe du monde cet \u00e9t\u00e9 aux \u00c9tats-Unis, au Mexique et au Canada avec l&rsquo;\u00e9quipe nationale croate, \u00e0 condition de porter un masque de protection.<\/p>\n<p>Malgr\u00e9 ses 40 ans, Modric a r\u00e9alis\u00e9 une saison exceptionnelle avec l&rsquo;AC Milan, disputant 36 matchs officiels, inscrivant deux buts et d\u00e9livrant trois passes d\u00e9cisives.<\/p>\n","protected":false},"excerpt":{"rendered":"<p>L&rsquo;AC Milan a publi\u00e9 un communiqu\u00e9 officiel confirmant que son joueur vedette, Luka Modric, a \u00e9t\u00e9 op\u00e9r\u00e9 aujourd&rsquo;hui suite \u00e0 de multiples fractures faciales. Le milieu de terrain v\u00e9t\u00e9ran a d\u00fb quitter le terrain apr\u00e8s un choc t\u00eate contre t\u00eate involontaire avec le milieu de terrain de la Juventus, Manuel Locatelli, lors du match de [&hellip;]<\/p>\n","protected":false},"author":2,"featured_media":81550,"comment_status":"closed","ping_status":"closed","sticky":false,"template":"","format":"standard","meta":{"sfio_featured_image":false,"sfio_embed_code":"","footnotes":""},"categories":[217],"tags":[],"class_list":["post-81553","post","type-post","status-publish","format-standard","has-post-thumbnail","hentry","category-serie-a-fr"],"_links":{"self":[{"href":"https:\/\/www.fanzword.com\/fr\/wp-json\/wp\/v2\/posts\/81553","targetHints":{"allow":["GET"]}}],"collection":[{"href":"https:\/\/www.fanzword.com\/fr\/wp-json\/wp\/v2\/posts"}],"about":[{"href":"https:\/\/www.fanzword.com\/fr\/wp-json\/wp\/v2\/types\/post"}],"author":[{"embeddable":true,"href":"https:\/\/www.fanzword.com\/fr\/wp-json\/wp\/v2\/users\/2"}],"replies":[{"embeddable":true,"href":"https:\/\/www.fanzword.com\/fr\/wp-json\/wp\/v2\/comments?post=81553"}],"version-history":[{"count":1,"href":"https:\/\/www.fanzword.com\/fr\/wp-json\/wp\/v2\/posts\/81553\/revisions"}],"predecessor-version":[{"id":81554,"href":"https:\/\/www.fanzword.com\/fr\/wp-json\/wp\/v2\/posts\/81553\/revisions\/81554"}],"wp:featuredmedia":[{"embeddable":true,"href":"https:\/\/www.fanzword.com\/fr\/wp-json\/wp\/v2\/media\/81550"}],"wp:attachment":[{"href":"https:\/\/www.fanzword.com\/fr\/wp-json\/wp\/v2\/media?parent=81553"}],"wp:term":[{"taxonomy":"category","embeddable":true,"href":"https:\/\/www.fanzword.com\/fr\/wp-json\/wp\/v2\/categories?post=81553"},{"taxonomy":"post_tag","embeddable":true,"href":"https:\/\/www.fanzword.com\/fr\/wp-json\/wp\/v2\/tags?post=81553"}],"curies":[{"name":"wp","href":"https:\/\/api.w.org\/{rel}","templated":true}]}}