{"id":81413,"date":"2026-04-26T18:49:29","date_gmt":"2026-04-26T18:49:29","guid":{"rendered":"https:\/\/www.fanzword.com\/?p=81413"},"modified":"2026-04-26T18:49:29","modified_gmt":"2026-04-26T18:49:29","slug":"les-joueurs-du-real-madrid-preferent-vinicius-a-mbappe","status":"publish","type":"post","link":"https:\/\/www.fanzword.com\/fr\/les-joueurs-du-real-madrid-preferent-vinicius-a-mbappe\/","title":{"rendered":"Les joueurs du Real Madrid pr\u00e9f\u00e8rent Vinicius \u00e0 Mbapp\u00e9"},"content":{"rendered":"<p>Depuis l&rsquo;arriv\u00e9e de Kylian Mbapp\u00e9 au <a href=\"https:\/\/www.fanzword.com\/fr\/category\/real-madrid-fr\/\">Real Madrid<\/a>, une rivalit\u00e9 \u00e9vidente s&rsquo;est install\u00e9e entre lui et Vinicius Junior pour le leadership au sein du club. Auparavant, la direction de Florentino P\u00e9rez soutenait la star fran\u00e7aise, mais la situation pourrait \u00e9voluer. L&rsquo;\u00e9l\u00e9ment d\u00e9cisif sera l&rsquo;attitude du reste de l&rsquo;\u00e9quipe envers les deux joueurs.<\/p>\n<p>Vinicius \u00e9volue au Real Madrid depuis 2018 et a d\u00e9j\u00e0 marqu\u00e9 l&rsquo;histoire avec les Merengues, remportant deux Ligues des Champions et plusieurs autres troph\u00e9es nationaux et r\u00e9gionaux. Mbapp\u00e9, arriv\u00e9 en 2024 apr\u00e8s de longues n\u00e9gociations, n&rsquo;a remport\u00e9 que deux titres avec le Real Madrid depuis son arriv\u00e9e : la Supercoupe de l&rsquo;UEFA et la Coupe intercontinentale.<\/p>\n<h2>Les joueurs du Real Madrid soutiennent Vinicius plut\u00f4t que Mbapp\u00e9<\/h2>\n<p>Le journaliste Pablo Gallio a r\u00e9v\u00e9l\u00e9 que le vestiaire du Real Madrid, joueurs professionnels et juniors confondus, soutient presque unanimement Vinicius Junior et le consid\u00e8re comme la star actuelle du club.<\/p>\n<p>Ce qui le confirme peut-\u00eatre, c&rsquo;est que durant l&rsquo;absence de Mbapp\u00e9 en f\u00e9vrier, les r\u00e9sultats du Real Madrid se sont nettement am\u00e9lior\u00e9s. Les joueurs ont accept\u00e9 Vinicius comme leur leader et source d&rsquo;inspiration sur le terrain, et m\u00eame l&rsquo;entra\u00eeneur \u00c1lvaro Arbeloa en a grandement profit\u00e9, tant sur le plan tactique qu&rsquo;en termes de coh\u00e9sion d&rsquo;\u00e9quipe.<\/p>\n<p>Il est possible que les anciens joueurs, notamment le capitaine Dani Carvajal et Fede Valverde, soutiennent pleinement Vinicius, et qu&rsquo;il r\u00e8gne une harmonie id\u00e9ale entre le Br\u00e9silien et la plupart des joueurs, contrairement \u00e0 la situation avec Mbapp\u00e9.<\/p>\n<h2>Mbapp\u00e9 se sent isol\u00e9 au Real Madrid<\/h2>\n<p>Le journaliste renomm\u00e9 a indiqu\u00e9 que <a href=\"https:\/\/www.fanzword.com\/fr\/category\/kylian-mbappe-fr\/\">Mbapp\u00e9<\/a> se sent compl\u00e8tement isol\u00e9 au Real Madrid. Il n&rsquo;a personne pour le soutenir ou lui apporter un appui solide dans le vestiaire, y compris parmi les nombreux joueurs fran\u00e7ais \u00e9voluant actuellement au Santiago Bernab\u00e9u.<\/p>\n<p>Mbapp\u00e9 impute la baisse de r\u00e9sultats de cette saison \u00e0 certains joueurs et estime que plusieurs joueurs du Real Madrid ont g\u00e2ch\u00e9 une saison au cours de laquelle il avait r\u00e9alis\u00e9 des statistiques individuelles remarquables et esp\u00e9rait la couronner d&rsquo;un ou plusieurs titres majeurs.<\/p>\n<p>Il ne fait aucun doute que les joueurs du Real Madrid ont d\u00e9cid\u00e9 de \u00ab\u00a0d\u00e9clarer la guerre \u00e0 Vinicius\u00a0\u00bb en prenant son parti contre Xabi Alonso, contribuant ainsi au limogeage de l&rsquo;entra\u00eeneur. Mbapp\u00e9 \u00e9tait pratiquement le seul \u00e0 soutenir le technicien basque dans le vestiaire.<\/p>\n<p><a href=\"https:\/\/www.fanzword.com\/fr\/jose-mourinho-fait-part-de-son-desir-de-revenir-au-real-madrid\/\">Mourinho informe le Real Madrid de son d\u00e9sir de revenir<\/a><\/p>\n<h2>Les relations entre Mbapp\u00e9 et Bellingham sont tendues<\/h2>\n<p>Parall\u00e8lement, il semblerait que Jude Bellingham ait critiqu\u00e9 ouvertement Mbapp\u00e9, jugeant ses performances, notamment d\u00e9fensives, insuffisantes et l&rsquo;une des raisons des mauvais r\u00e9sultats du Real Madrid cette saison.<\/p>\n<p>L&rsquo;international anglais s&rsquo;est \u00e9galement exprim\u00e9 dans les m\u00e9dias, \u00e9voquant la n\u00e9cessit\u00e9 d&rsquo;un meilleur travail d&rsquo;\u00e9quipe et tenant d&rsquo;autres propos que Mbapp\u00e9 n&rsquo;a visiblement pas appr\u00e9ci\u00e9s.<\/p>\n<p>De fait, les relations entre Mbapp\u00e9 et Bellingham sont tendues depuis lors, ce qui se ressent non seulement dans leurs \u00e9changes, mais aussi sur le terrain.<\/p>\n<p>Les tensions se sont exacerb\u00e9es \u00e0 plusieurs reprises entre les deux joueurs, notamment apr\u00e8s le match contre Getafe et dans les vestiaires, o\u00f9 Arbeloa est intervenu pour calmer le conflit qui s&rsquo;envenimait.<\/p>\n<p><a href=\"https:\/\/www.fanzword.com\/fr\/sans-negociations-le-real-madrid-finalise-sa-premiere-recrue-estivale\/\">Sans n\u00e9gociations\u2026 Le Real Madrid finalise sa premi\u00e8re recrue estivale<\/a><\/p>\n<h2>Quel camp choisit la direction du Real Madrid\u00a0?<\/h2>\n<p>Auparavant, la direction du Real Madrid soutenait pleinement Kylian Mbapp\u00e9, qui, jusqu&rsquo;\u00e0 r\u00e9cemment, \u00e9tait la pi\u00e8ce ma\u00eetresse du projet d&rsquo;avenir du club. Cependant, la situation a \u00e9volu\u00e9.<\/p>\n<p>La direction du Real Madrid est d\u00e9termin\u00e9e \u00e0 prolonger le contrat de Vinicius et insiste sur sa pr\u00e9sence la saison prochaine, n&rsquo;envisageant plus de le vendre. Il partagera donc la vedette avec Mbapp\u00e9 et, avec le soutien de ses co\u00e9quipiers, Florentino P\u00e9rez pourrait finalement privil\u00e9gier le Br\u00e9silien.<\/p>\n","protected":false},"excerpt":{"rendered":"<p>Depuis l&rsquo;arriv\u00e9e de Kylian Mbapp\u00e9 au Real Madrid, une rivalit\u00e9 \u00e9vidente s&rsquo;est install\u00e9e entre lui et Vinicius Junior pour le leadership au sein du club. Auparavant, la direction de Florentino P\u00e9rez soutenait la star fran\u00e7aise, mais la situation pourrait \u00e9voluer. L&rsquo;\u00e9l\u00e9ment d\u00e9cisif sera l&rsquo;attitude du reste de l&rsquo;\u00e9quipe envers les deux joueurs. Vinicius \u00e9volue au [&hellip;]<\/p>\n","protected":false},"author":2,"featured_media":81410,"comment_status":"closed","ping_status":"closed","sticky":false,"template":"","format":"standard","meta":{"sfio_featured_image":false,"sfio_embed_code":"","footnotes":""},"categories":[219,220,222],"tags":[],"class_list":["post-81413","post","type-post","status-publish","format-standard","has-post-thumbnail","hentry","category-kylian-mbappe-fr","category-la-liga-fr","category-real-madrid-fr"],"_links":{"self":[{"href":"https:\/\/www.fanzword.com\/fr\/wp-json\/wp\/v2\/posts\/81413","targetHints":{"allow":["GET"]}}],"collection":[{"href":"https:\/\/www.fanzword.com\/fr\/wp-json\/wp\/v2\/posts"}],"about":[{"href":"https:\/\/www.fanzword.com\/fr\/wp-json\/wp\/v2\/types\/post"}],"author":[{"embeddable":true,"href":"https:\/\/www.fanzword.com\/fr\/wp-json\/wp\/v2\/users\/2"}],"replies":[{"embeddable":true,"href":"https:\/\/www.fanzword.com\/fr\/wp-json\/wp\/v2\/comments?post=81413"}],"version-history":[{"count":1,"href":"https:\/\/www.fanzword.com\/fr\/wp-json\/wp\/v2\/posts\/81413\/revisions"}],"predecessor-version":[{"id":81414,"href":"https:\/\/www.fanzword.com\/fr\/wp-json\/wp\/v2\/posts\/81413\/revisions\/81414"}],"wp:featuredmedia":[{"embeddable":true,"href":"https:\/\/www.fanzword.com\/fr\/wp-json\/wp\/v2\/media\/81410"}],"wp:attachment":[{"href":"https:\/\/www.fanzword.com\/fr\/wp-json\/wp\/v2\/media?parent=81413"}],"wp:term":[{"taxonomy":"category","embeddable":true,"href":"https:\/\/www.fanzword.com\/fr\/wp-json\/wp\/v2\/categories?post=81413"},{"taxonomy":"post_tag","embeddable":true,"href":"https:\/\/www.fanzword.com\/fr\/wp-json\/wp\/v2\/tags?post=81413"}],"curies":[{"name":"wp","href":"https:\/\/api.w.org\/{rel}","templated":true}]}}