{"id":81377,"date":"2026-04-26T14:26:33","date_gmt":"2026-04-26T14:26:33","guid":{"rendered":"https:\/\/www.fanzword.com\/?p=81377"},"modified":"2026-04-26T14:26:33","modified_gmt":"2026-04-26T14:26:33","slug":"jose-mourinho-fait-part-de-son-desir-de-revenir-au-real-madrid","status":"publish","type":"post","link":"https:\/\/www.fanzword.com\/fr\/jose-mourinho-fait-part-de-son-desir-de-revenir-au-real-madrid\/","title":{"rendered":"Jos\u00e9 Mourinho fait part de son d\u00e9sir de revenir au Real Madrid"},"content":{"rendered":"<p>Selon le journaliste renomm\u00e9 Fabrizio Romano, l&rsquo;entra\u00eeneur de Benfica, Jos\u00e9 Mourinho, aurait d\u00e9j\u00e0 inform\u00e9 ses proches de son souhait de prendre les r\u00eanes du Real Madrid la saison prochaine.<\/p>\n<p>La direction du Real Madrid est actuellement en pleine r\u00e9flexion quant \u00e0 l&rsquo;identit\u00e9 de son nouvel entra\u00eeneur pour la saison prochaine, apr\u00e8s avoir d\u00e9finitivement d\u00e9cid\u00e9 de mettre fin au mandat d&rsquo;\u00c1lvaro Arbeloa \u00e0 la fin de la saison en cours.<\/p>\n<p>D&rsquo;apr\u00e8s Romano, Mourinho aurait confi\u00e9 \u00e0 ses proches son d\u00e9sir de tenter une seconde chance au Real Madrid, et ce souhait aurait \u00e9t\u00e9 directement transmis \u00e0 la direction des Merengues.<\/p>\n<p>L&rsquo;administration de P\u00e9rez n&rsquo;a pour l&rsquo;instant pris aucune mesure concr\u00e8te en r\u00e9ponse \u00e0 ce d\u00e9sir ; elle est simplement au courant de l&rsquo;int\u00e9r\u00eat de Mourinho et attend encore avant de se prononcer sur le choix du nouvel entra\u00eeneur.<\/p>\n<p>Les m\u00e9dias espagnols indiquent que le Special One n&rsquo;est pas le favori pour succ\u00e9der \u00e0 Arbeloa \u00e0 la t\u00eate du Real Madrid. J\u00fcrgen Klopp reste le choix privil\u00e9gi\u00e9, suivi de Mauricio Pochettino, qui semble \u00eatre le candidat le plus probable \u00e0 l&rsquo;heure actuelle.<\/p>\n<p>Il est \u00e0 noter que le contrat de Mourinho avec Benfica expire le 17 mai. Il rencontrera ensuite la direction du club portugais pour d\u00e9cider de son avenir\u00a0: activer la clause de prolongation d&rsquo;une ann\u00e9e ou r\u00e9silier son contrat \u00e0 l&rsquo;amiable.<\/p>\n","protected":false},"excerpt":{"rendered":"<p>Selon le journaliste renomm\u00e9 Fabrizio Romano, l&rsquo;entra\u00eeneur de Benfica, Jos\u00e9 Mourinho, aurait d\u00e9j\u00e0 inform\u00e9 ses proches de son souhait de prendre les r\u00eanes du Real Madrid la saison prochaine. La direction du Real Madrid est actuellement en pleine r\u00e9flexion quant \u00e0 l&rsquo;identit\u00e9 de son nouvel entra\u00eeneur pour la saison prochaine, apr\u00e8s avoir d\u00e9finitivement d\u00e9cid\u00e9 de [&hellip;]<\/p>\n","protected":false},"author":2,"featured_media":81375,"comment_status":"closed","ping_status":"closed","sticky":false,"template":"","format":"standard","meta":{"sfio_featured_image":false,"sfio_embed_code":"","footnotes":""},"categories":[220,222],"tags":[],"class_list":["post-81377","post","type-post","status-publish","format-standard","has-post-thumbnail","hentry","category-la-liga-fr","category-real-madrid-fr"],"_links":{"self":[{"href":"https:\/\/www.fanzword.com\/fr\/wp-json\/wp\/v2\/posts\/81377","targetHints":{"allow":["GET"]}}],"collection":[{"href":"https:\/\/www.fanzword.com\/fr\/wp-json\/wp\/v2\/posts"}],"about":[{"href":"https:\/\/www.fanzword.com\/fr\/wp-json\/wp\/v2\/types\/post"}],"author":[{"embeddable":true,"href":"https:\/\/www.fanzword.com\/fr\/wp-json\/wp\/v2\/users\/2"}],"replies":[{"embeddable":true,"href":"https:\/\/www.fanzword.com\/fr\/wp-json\/wp\/v2\/comments?post=81377"}],"version-history":[{"count":1,"href":"https:\/\/www.fanzword.com\/fr\/wp-json\/wp\/v2\/posts\/81377\/revisions"}],"predecessor-version":[{"id":81378,"href":"https:\/\/www.fanzword.com\/fr\/wp-json\/wp\/v2\/posts\/81377\/revisions\/81378"}],"wp:featuredmedia":[{"embeddable":true,"href":"https:\/\/www.fanzword.com\/fr\/wp-json\/wp\/v2\/media\/81375"}],"wp:attachment":[{"href":"https:\/\/www.fanzword.com\/fr\/wp-json\/wp\/v2\/media?parent=81377"}],"wp:term":[{"taxonomy":"category","embeddable":true,"href":"https:\/\/www.fanzword.com\/fr\/wp-json\/wp\/v2\/categories?post=81377"},{"taxonomy":"post_tag","embeddable":true,"href":"https:\/\/www.fanzword.com\/fr\/wp-json\/wp\/v2\/tags?post=81377"}],"curies":[{"name":"wp","href":"https:\/\/api.w.org\/{rel}","templated":true}]}}