{"id":81366,"date":"2026-04-26T13:47:52","date_gmt":"2026-04-26T13:47:52","guid":{"rendered":"https:\/\/www.fanzword.com\/?p=81366"},"modified":"2026-04-26T13:47:52","modified_gmt":"2026-04-26T13:47:52","slug":"flick-contacte-julian-alvarez-pour-le-convaincre-de-rejoindre-barcelone","status":"publish","type":"post","link":"https:\/\/www.fanzword.com\/fr\/flick-contacte-julian-alvarez-pour-le-convaincre-de-rejoindre-barcelone\/","title":{"rendered":"Flick contacte Juli\u00e1n \u00c1lvarez pour le convaincre de rejoindre Barcelone"},"content":{"rendered":"<p>Hansi Flick a personnellement contact\u00e9 par t\u00e9l\u00e9phone Juli\u00e1n \u00c1lvarez, la star de l&rsquo;Atl\u00e9tico Madrid, afin de le persuader de rejoindre le club catalan lors du prochain mercato estival.<\/p>\n<p>Le Bar\u00e7a souhaite compenser le d\u00e9part imminent de Robert Lewandowski en recrutant un attaquant de classe mondiale, et \u00c1lvarez reste la priorit\u00e9 de Joan Laporta.<\/p>\n<p>Selon le journaliste Mat\u00edas Palacios, Flick a t\u00e9l\u00e9phon\u00e9 \u00e0 \u00c1lvarez pour la premi\u00e8re fois il y a quelques heures, ce qui souligne l&rsquo;importance que l&rsquo;entra\u00eeneur allemand accorde au joueur argentin et les b\u00e9n\u00e9fices qu&rsquo;ils tireraient d&rsquo;une collaboration.<\/p>\n<p>Au cours de cet appel, Flick a assur\u00e9 \u00e0 \u00c1lvarez que le principal objectif du Bar\u00e7a pour les ann\u00e9es \u00e0 venir est de remporter la Ligue des Champions, et que le joueur de 26 ans serait un \u00e9l\u00e9ment cl\u00e9 pour faire de ce r\u00eave une r\u00e9alit\u00e9.<\/p>\n<p>On ignore la position d&rsquo;\u00c1lvarez concernant l&rsquo;offre du FC Barcelone et sa r\u00e9ponse \u00e0 l&rsquo;appel de Flick. Cependant, la presse argentine laisse entendre qu&rsquo;il souhaiterait quitter l&rsquo;Atl\u00e9tico de Madrid pour rejoindre un club o\u00f9 il pourrait pr\u00e9tendre \u00e0 plusieurs titres.<\/p>\n<p>Il est \u00e0 noter qu&rsquo;\u00c1lvarez n&rsquo;a encore remport\u00e9 aucun titre depuis son arriv\u00e9e \u00e0 l&rsquo;Atl\u00e9tico de Madrid en provenance de Manchester City pour 75 millions d&rsquo;euros \u00e0 l&rsquo;\u00e9t\u00e9 2014.<\/p>\n","protected":false},"excerpt":{"rendered":"<p>Hansi Flick a personnellement contact\u00e9 par t\u00e9l\u00e9phone Juli\u00e1n \u00c1lvarez, la star de l&rsquo;Atl\u00e9tico Madrid, afin de le persuader de rejoindre le club catalan lors du prochain mercato estival. Le Bar\u00e7a souhaite compenser le d\u00e9part imminent de Robert Lewandowski en recrutant un attaquant de classe mondiale, et \u00c1lvarez reste la priorit\u00e9 de Joan Laporta. Selon le [&hellip;]<\/p>\n","protected":false},"author":2,"featured_media":81363,"comment_status":"closed","ping_status":"closed","sticky":false,"template":"","format":"standard","meta":{"sfio_featured_image":false,"sfio_embed_code":"","footnotes":""},"categories":[221,220],"tags":[],"class_list":["post-81366","post","type-post","status-publish","format-standard","has-post-thumbnail","hentry","category-barcelona-fr","category-la-liga-fr"],"_links":{"self":[{"href":"https:\/\/www.fanzword.com\/fr\/wp-json\/wp\/v2\/posts\/81366","targetHints":{"allow":["GET"]}}],"collection":[{"href":"https:\/\/www.fanzword.com\/fr\/wp-json\/wp\/v2\/posts"}],"about":[{"href":"https:\/\/www.fanzword.com\/fr\/wp-json\/wp\/v2\/types\/post"}],"author":[{"embeddable":true,"href":"https:\/\/www.fanzword.com\/fr\/wp-json\/wp\/v2\/users\/2"}],"replies":[{"embeddable":true,"href":"https:\/\/www.fanzword.com\/fr\/wp-json\/wp\/v2\/comments?post=81366"}],"version-history":[{"count":2,"href":"https:\/\/www.fanzword.com\/fr\/wp-json\/wp\/v2\/posts\/81366\/revisions"}],"predecessor-version":[{"id":81368,"href":"https:\/\/www.fanzword.com\/fr\/wp-json\/wp\/v2\/posts\/81366\/revisions\/81368"}],"wp:featuredmedia":[{"embeddable":true,"href":"https:\/\/www.fanzword.com\/fr\/wp-json\/wp\/v2\/media\/81363"}],"wp:attachment":[{"href":"https:\/\/www.fanzword.com\/fr\/wp-json\/wp\/v2\/media?parent=81366"}],"wp:term":[{"taxonomy":"category","embeddable":true,"href":"https:\/\/www.fanzword.com\/fr\/wp-json\/wp\/v2\/categories?post=81366"},{"taxonomy":"post_tag","embeddable":true,"href":"https:\/\/www.fanzword.com\/fr\/wp-json\/wp\/v2\/tags?post=81366"}],"curies":[{"name":"wp","href":"https:\/\/api.w.org\/{rel}","templated":true}]}}