{"id":81347,"date":"2026-04-26T13:20:22","date_gmt":"2026-04-26T13:20:22","guid":{"rendered":"https:\/\/www.fanzword.com\/?p=81347"},"modified":"2026-04-26T13:20:22","modified_gmt":"2026-04-26T13:20:22","slug":"sans-negociations-le-real-madrid-finalise-sa-premiere-recrue-estivale","status":"publish","type":"post","link":"https:\/\/www.fanzword.com\/fr\/sans-negociations-le-real-madrid-finalise-sa-premiere-recrue-estivale\/","title":{"rendered":"Sans n\u00e9gociations, le Real Madrid finalise sa premi\u00e8re recrue estivale"},"content":{"rendered":"<p>Le Real Madrid a trouv\u00e9 un accord avec Nico Paz pour son retour au club cet \u00e9t\u00e9, en activant la clause de rachat de son contrat avec C\u00f4me.<\/p>\n<p>Le joueur de 21 ans avait rejoint C\u00f4me \u00e0 l&rsquo;\u00e9t\u00e9 2014 et avait impressionn\u00e9 en Serie A, incitant Tottenham \u00e0 formuler une offre de plus de 70 millions d&rsquo;euros l&rsquo;\u00e9t\u00e9 dernier.<\/p>\n<p>D\u00e9sireux de retourner au Santiago Bernab\u00e9u, Paz avait d\u00e9clin\u00e9 l&rsquo;offre, le Real Madrid s&rsquo;engageant \u00e0 activer la clause de rachat \u00e0 l&rsquo;\u00e9t\u00e9 2026.<\/p>\n<p>La direction de Florentino P\u00e9rez tiendra parole, convaincue que Paz est la pi\u00e8ce manquante au milieu offensif, d&rsquo;autant plus que le Real Madrid n&rsquo;envisage pas d&rsquo;autres recrutements offensifs cet \u00e9t\u00e9.<\/p>\n<p>Selon le quotidien AS, la date limite pour activer la clause de rachat, pour un montant n&rsquo;exc\u00e9dant pas 15 millions d&rsquo;euros, est le 30 mai. La direction du Real Madrid a d\u00e9j\u00e0 pris les devants et inform\u00e9 toutes les parties concern\u00e9es de son intention de finaliser le transfert.<\/p>\n<p>Cette saison, Paz a disput\u00e9 37 matchs avec Como toutes comp\u00e9titions confondues, inscrivant 13 buts et d\u00e9livrant 8 passes d\u00e9cisives.<\/p>\n<p>L&rsquo;Argentin devrait remplacer Franco Mastantono, qui devrait quitter le Real Madrid en pr\u00eat la saison prochaine afin de b\u00e9n\u00e9ficier de plus de temps de jeu.<\/p>\n","protected":false},"excerpt":{"rendered":"<p>Le Real Madrid a trouv\u00e9 un accord avec Nico Paz pour son retour au club cet \u00e9t\u00e9, en activant la clause de rachat de son contrat avec C\u00f4me. Le joueur de 21 ans avait rejoint C\u00f4me \u00e0 l&rsquo;\u00e9t\u00e9 2014 et avait impressionn\u00e9 en Serie A, incitant Tottenham \u00e0 formuler une offre de plus de 70 [&hellip;]<\/p>\n","protected":false},"author":2,"featured_media":81344,"comment_status":"closed","ping_status":"closed","sticky":false,"template":"","format":"standard","meta":{"sfio_featured_image":false,"sfio_embed_code":"","footnotes":""},"categories":[220,222,217],"tags":[],"class_list":["post-81347","post","type-post","status-publish","format-standard","has-post-thumbnail","hentry","category-la-liga-fr","category-real-madrid-fr","category-serie-a-fr"],"_links":{"self":[{"href":"https:\/\/www.fanzword.com\/fr\/wp-json\/wp\/v2\/posts\/81347","targetHints":{"allow":["GET"]}}],"collection":[{"href":"https:\/\/www.fanzword.com\/fr\/wp-json\/wp\/v2\/posts"}],"about":[{"href":"https:\/\/www.fanzword.com\/fr\/wp-json\/wp\/v2\/types\/post"}],"author":[{"embeddable":true,"href":"https:\/\/www.fanzword.com\/fr\/wp-json\/wp\/v2\/users\/2"}],"replies":[{"embeddable":true,"href":"https:\/\/www.fanzword.com\/fr\/wp-json\/wp\/v2\/comments?post=81347"}],"version-history":[{"count":1,"href":"https:\/\/www.fanzword.com\/fr\/wp-json\/wp\/v2\/posts\/81347\/revisions"}],"predecessor-version":[{"id":81348,"href":"https:\/\/www.fanzword.com\/fr\/wp-json\/wp\/v2\/posts\/81347\/revisions\/81348"}],"wp:featuredmedia":[{"embeddable":true,"href":"https:\/\/www.fanzword.com\/fr\/wp-json\/wp\/v2\/media\/81344"}],"wp:attachment":[{"href":"https:\/\/www.fanzword.com\/fr\/wp-json\/wp\/v2\/media?parent=81347"}],"wp:term":[{"taxonomy":"category","embeddable":true,"href":"https:\/\/www.fanzword.com\/fr\/wp-json\/wp\/v2\/categories?post=81347"},{"taxonomy":"post_tag","embeddable":true,"href":"https:\/\/www.fanzword.com\/fr\/wp-json\/wp\/v2\/tags?post=81347"}],"curies":[{"name":"wp","href":"https:\/\/api.w.org\/{rel}","templated":true}]}}