{"id":7996,"date":"2024-03-07T13:41:37","date_gmt":"2024-03-07T13:41:37","guid":{"rendered":"https:\/\/www.fanzword.com\/?p=7996"},"modified":"2024-03-07T13:41:37","modified_gmt":"2024-03-07T13:41:37","slug":"bonne-nouvelle-a-barcelone-la-blessure-ne-privera-pas-les-catalans-de-leur-star-au-clasico","status":"publish","type":"post","link":"https:\/\/www.fanzword.com\/fr\/bonne-nouvelle-a-barcelone-la-blessure-ne-privera-pas-les-catalans-de-leur-star-au-clasico\/","title":{"rendered":"Bonne nouvelle \u00e0 Barcelone.. La blessure ne privera pas les Catalans de leur star au Cl\u00e1sico!"},"content":{"rendered":"<p>Les m\u00e9dias espagnols ont confirm\u00e9 que Pedri Gonzalez ne souffre pas d&rsquo;une blessure grave comme pr\u00e9vu et que sa p\u00e9riode de convalescence ne d\u00e9passera pas 6 semaines.<\/p>\n<p>L&rsquo;entra\u00eeneur de Barcelone, Xavi Hernandez, a annonc\u00e9 apr\u00e8s le match de l&rsquo;Athletic Bilbao que la blessure de Pedri semblait grave et qu&rsquo;il pourrait \u00eatre absent pendant une longue p\u00e9riode.<\/p>\n<p>Apr\u00e8s les tests que Pedri a subis r\u00e9cemment, il a \u00e9t\u00e9 confirm\u00e9 qu&rsquo;il n&rsquo;avait pas besoin de subir une intervention chirurgicale et, heureusement pour lui, la blessure s&rsquo;est produite \u00e0 un endroit diff\u00e9rent de la derni\u00e8re blessure qui l&rsquo;a frapp\u00e9 en novembre dernier.<\/p>\n<p>Selon le journal AS, la star espagnole reviendra en avril prochain et ses chances sont tr\u00e8s grandes qu&rsquo;il participe au Cl\u00e1sico pr\u00e9vu le 21 du m\u00eame mois.<\/p>\n<p>Quant \u00e0 Frenkie de Jong, il est certain que si tout se passe bien, il dirigera l&rsquo;\u00e9quipe de Xavi au Cl\u00e1sico, car il ne lui faudra que 4 semaines pour se remettre de sa blessure.<\/p>\n<p>Il est \u00e0 noter que Barcelone perd d\u00e9j\u00e0 les services d&rsquo;Alejandro Balde et Javi jusqu&rsquo;\u00e0 la fin de la saison en raison de blessures, et la perte de Pedri et De Jong a \u00e9t\u00e9 une autre nouvelle d\u00e9sastreuse, mais heureusement, les deux blessures sont \u00e0 port\u00e9e de main.<\/p>\n","protected":false},"excerpt":{"rendered":"<p>Les m\u00e9dias espagnols ont confirm\u00e9 que Pedri Gonzalez ne souffre pas d&rsquo;une blessure grave comme pr\u00e9vu et que sa p\u00e9riode de convalescence ne d\u00e9passera pas 6 semaines. L&rsquo;entra\u00eeneur de Barcelone, Xavi Hernandez, a annonc\u00e9 apr\u00e8s le match de l&rsquo;Athletic Bilbao que la blessure de Pedri semblait grave et qu&rsquo;il pourrait \u00eatre absent pendant une longue [&hellip;]<\/p>\n","protected":false},"author":2,"featured_media":7992,"comment_status":"open","ping_status":"open","sticky":false,"template":"","format":"standard","meta":{"sfio_featured_image":false,"sfio_embed_code":"","footnotes":""},"categories":[221,220,222],"tags":[],"class_list":["post-7996","post","type-post","status-publish","format-standard","has-post-thumbnail","hentry","category-barcelona-fr","category-la-liga-fr","category-real-madrid-fr"],"_links":{"self":[{"href":"https:\/\/www.fanzword.com\/fr\/wp-json\/wp\/v2\/posts\/7996","targetHints":{"allow":["GET"]}}],"collection":[{"href":"https:\/\/www.fanzword.com\/fr\/wp-json\/wp\/v2\/posts"}],"about":[{"href":"https:\/\/www.fanzword.com\/fr\/wp-json\/wp\/v2\/types\/post"}],"author":[{"embeddable":true,"href":"https:\/\/www.fanzword.com\/fr\/wp-json\/wp\/v2\/users\/2"}],"replies":[{"embeddable":true,"href":"https:\/\/www.fanzword.com\/fr\/wp-json\/wp\/v2\/comments?post=7996"}],"version-history":[{"count":1,"href":"https:\/\/www.fanzword.com\/fr\/wp-json\/wp\/v2\/posts\/7996\/revisions"}],"predecessor-version":[{"id":7997,"href":"https:\/\/www.fanzword.com\/fr\/wp-json\/wp\/v2\/posts\/7996\/revisions\/7997"}],"wp:featuredmedia":[{"embeddable":true,"href":"https:\/\/www.fanzword.com\/fr\/wp-json\/wp\/v2\/media\/7992"}],"wp:attachment":[{"href":"https:\/\/www.fanzword.com\/fr\/wp-json\/wp\/v2\/media?parent=7996"}],"wp:term":[{"taxonomy":"category","embeddable":true,"href":"https:\/\/www.fanzword.com\/fr\/wp-json\/wp\/v2\/categories?post=7996"},{"taxonomy":"post_tag","embeddable":true,"href":"https:\/\/www.fanzword.com\/fr\/wp-json\/wp\/v2\/tags?post=7996"}],"curies":[{"name":"wp","href":"https:\/\/api.w.org\/{rel}","templated":true}]}}