{"id":7667,"date":"2024-03-03T23:09:48","date_gmt":"2024-03-03T23:09:48","guid":{"rendered":"https:\/\/www.fanzword.com\/?p=7667"},"modified":"2024-03-03T23:09:48","modified_gmt":"2024-03-03T23:09:48","slug":"la-douleur-de-barcelone-augmente-xavi-revele-letat-de-pedri-et-de-jong","status":"publish","type":"post","link":"https:\/\/www.fanzword.com\/fr\/la-douleur-de-barcelone-augmente-xavi-revele-letat-de-pedri-et-de-jong\/","title":{"rendered":"La douleur de Barcelone augmente. Xavi r\u00e9v\u00e8le l&rsquo;\u00e9tat de Pedri et De Jong"},"content":{"rendered":"<p>L&rsquo;entra\u00eeneur de Barcelone, Xavi Hern\u00e1ndez, a exprim\u00e9 son extr\u00eame frustration face aux blessures de Pedri et Frenkie de Jong, soulignant que le diagnostic initial des deux blessures semble \u00eatre tr\u00e8s mauvais.<\/p>\n<p>Pedri et De Jong n&rsquo;ont pas pu terminer le match contre l&rsquo;Athletic Bilbao en raison de blessures, et le premier en particulier est sorti en pleurant de douleur intense.<\/p>\n<p>Xavi a d\u00e9clar\u00e9 lors de la conf\u00e9rence de presse apr\u00e8s le match, qui s&rsquo;est termin\u00e9 sur un score nul et vierge : \u00ab\u00a0Les m\u00e9decins m&rsquo;ont dit que les blessures de Frenkie et Pedri ne semblent pas bonnes du tout\u00a0\u00bb.<\/p>\n<p>Il a \u00e9galement ajout\u00e9 : \u00ab\u00a0Maintenant, Frenkie et Pedri sont avec Javi en dehors de l&rsquo;\u00e9quipe. C&rsquo;est tr\u00e8s difficile car ce sont les milieux de terrain qui donnent du caract\u00e8re \u00e0 l&rsquo;\u00e9quipe.\u00a0\u00bb<\/p>\n<p>Il a conclu : \u00ab\u00a0Nous devons soutenir Pedri. Il a travaill\u00e9 dur pour revenir. Malheureusement, il s&rsquo;est encore bless\u00e9, mais je suis s\u00fbr qu&rsquo;il reviendra plus fort.\u00a0\u00bb<\/p>\n<p>Il est \u00e0 noter que Barcelone souffre d\u00e9j\u00e0 de l&rsquo;absence de Gavi, Marcos Alonso, Alejandro Balde et Ferran Torres en raison de diverses blessures, et que Pedri et De Jong rejoignent d\u00e9sormais la liste.<\/p>\n","protected":false},"excerpt":{"rendered":"<p>L&rsquo;entra\u00eeneur de Barcelone, Xavi Hern\u00e1ndez, a exprim\u00e9 son extr\u00eame frustration face aux blessures de Pedri et Frenkie de Jong, soulignant que le diagnostic initial des deux blessures semble \u00eatre tr\u00e8s mauvais. Pedri et De Jong n&rsquo;ont pas pu terminer le match contre l&rsquo;Athletic Bilbao en raison de blessures, et le premier en particulier est sorti [&hellip;]<\/p>\n","protected":false},"author":2,"featured_media":7663,"comment_status":"open","ping_status":"open","sticky":false,"template":"","format":"standard","meta":{"sfio_featured_image":false,"sfio_embed_code":"","footnotes":""},"categories":[221,220],"tags":[],"class_list":["post-7667","post","type-post","status-publish","format-standard","has-post-thumbnail","hentry","category-barcelona-fr","category-la-liga-fr"],"_links":{"self":[{"href":"https:\/\/www.fanzword.com\/fr\/wp-json\/wp\/v2\/posts\/7667","targetHints":{"allow":["GET"]}}],"collection":[{"href":"https:\/\/www.fanzword.com\/fr\/wp-json\/wp\/v2\/posts"}],"about":[{"href":"https:\/\/www.fanzword.com\/fr\/wp-json\/wp\/v2\/types\/post"}],"author":[{"embeddable":true,"href":"https:\/\/www.fanzword.com\/fr\/wp-json\/wp\/v2\/users\/2"}],"replies":[{"embeddable":true,"href":"https:\/\/www.fanzword.com\/fr\/wp-json\/wp\/v2\/comments?post=7667"}],"version-history":[{"count":1,"href":"https:\/\/www.fanzword.com\/fr\/wp-json\/wp\/v2\/posts\/7667\/revisions"}],"predecessor-version":[{"id":7668,"href":"https:\/\/www.fanzword.com\/fr\/wp-json\/wp\/v2\/posts\/7667\/revisions\/7668"}],"wp:featuredmedia":[{"embeddable":true,"href":"https:\/\/www.fanzword.com\/fr\/wp-json\/wp\/v2\/media\/7663"}],"wp:attachment":[{"href":"https:\/\/www.fanzword.com\/fr\/wp-json\/wp\/v2\/media?parent=7667"}],"wp:term":[{"taxonomy":"category","embeddable":true,"href":"https:\/\/www.fanzword.com\/fr\/wp-json\/wp\/v2\/categories?post=7667"},{"taxonomy":"post_tag","embeddable":true,"href":"https:\/\/www.fanzword.com\/fr\/wp-json\/wp\/v2\/tags?post=7667"}],"curies":[{"name":"wp","href":"https:\/\/api.w.org\/{rel}","templated":true}]}}