{"id":76284,"date":"2026-03-18T17:24:34","date_gmt":"2026-03-18T17:24:34","guid":{"rendered":"https:\/\/www.fanzword.com\/?p=76284"},"modified":"2026-03-18T17:24:34","modified_gmt":"2026-03-18T17:24:34","slug":"des-doutes-planent-sur-la-participation-de-courtois-au-derby-madrilene","status":"publish","type":"post","link":"https:\/\/www.fanzword.com\/fr\/des-doutes-planent-sur-la-participation-de-courtois-au-derby-madrilene\/","title":{"rendered":"Des doutes planent sur la participation de Courtois au derby madril\u00e8ne"},"content":{"rendered":"<p>Le Real Madrid devra se passer de son gardien vedette, Thibaut Courtois, pour le derby tr\u00e8s attendu face \u00e0 l&rsquo;Atl\u00e9tico Madrid ce week-end au Santiago Bernab\u00e9u.<\/p>\n<p>Le gardien belge a \u00e9t\u00e9 remplac\u00e9 \u00e0 la mi-temps lors de la victoire 2-1 du Real Madrid contre Manchester City en huiti\u00e8mes de finale de la Ligue des Champions.<\/p>\n<p>Selon Marca, Courtois souffre d&rsquo;une blessure aux ischio-jambiers et manquera assur\u00e9ment le derby.<\/p>\n<p>Les premi\u00e8res indications ne sont pas encourageantes pour le Real Madrid, et l&rsquo;on craint que l&rsquo;absence de Courtois ne se prolonge pendant plusieurs semaines, et non pas seulement pour un match, compte tenu de la gravit\u00e9 de la blessure.<\/p>\n<p>Le point positif pour le Real Madrid est que le derby sera suivi d&rsquo;une tr\u00eave internationale, ce qui donnera \u00e0 Courtois deux semaines pour retrouver la forme avant le d\u00e9but du dernier quart de saison.<\/p>\n<p>S&rsquo;il s&rsquo;agit d&rsquo;une simple \u00e9longation, il pourrait \u00eatre pleinement r\u00e9tabli d&rsquo;ici 7 \u00e0 10 jours. Cependant, s&rsquo;il s&rsquo;agit d&rsquo;une d\u00e9chirure de grade 2 ou plus grave, sa participation aux matchs cruciaux d&rsquo;avril pourrait \u00eatre compromise.<\/p>\n<p>En l&rsquo;absence de Courtois, Andriy Lunin sera le gardien du Real Madrid apr\u00e8s sa prestation convaincante contre Manchester City en seconde p\u00e9riode, lors de sa quatri\u00e8me apparition seulement cette saison, toutes comp\u00e9titions confondues.<\/p>\n","protected":false},"excerpt":{"rendered":"<p>Le Real Madrid devra se passer de son gardien vedette, Thibaut Courtois, pour le derby tr\u00e8s attendu face \u00e0 l&rsquo;Atl\u00e9tico Madrid ce week-end au Santiago Bernab\u00e9u. Le gardien belge a \u00e9t\u00e9 remplac\u00e9 \u00e0 la mi-temps lors de la victoire 2-1 du Real Madrid contre Manchester City en huiti\u00e8mes de finale de la Ligue des Champions. [&hellip;]<\/p>\n","protected":false},"author":2,"featured_media":76279,"comment_status":"closed","ping_status":"closed","sticky":false,"template":"","format":"standard","meta":{"sfio_featured_image":false,"sfio_embed_code":"","footnotes":""},"categories":[222],"tags":[],"class_list":["post-76284","post","type-post","status-publish","format-standard","has-post-thumbnail","hentry","category-real-madrid-fr"],"_links":{"self":[{"href":"https:\/\/www.fanzword.com\/fr\/wp-json\/wp\/v2\/posts\/76284","targetHints":{"allow":["GET"]}}],"collection":[{"href":"https:\/\/www.fanzword.com\/fr\/wp-json\/wp\/v2\/posts"}],"about":[{"href":"https:\/\/www.fanzword.com\/fr\/wp-json\/wp\/v2\/types\/post"}],"author":[{"embeddable":true,"href":"https:\/\/www.fanzword.com\/fr\/wp-json\/wp\/v2\/users\/2"}],"replies":[{"embeddable":true,"href":"https:\/\/www.fanzword.com\/fr\/wp-json\/wp\/v2\/comments?post=76284"}],"version-history":[{"count":1,"href":"https:\/\/www.fanzword.com\/fr\/wp-json\/wp\/v2\/posts\/76284\/revisions"}],"predecessor-version":[{"id":76285,"href":"https:\/\/www.fanzword.com\/fr\/wp-json\/wp\/v2\/posts\/76284\/revisions\/76285"}],"wp:featuredmedia":[{"embeddable":true,"href":"https:\/\/www.fanzword.com\/fr\/wp-json\/wp\/v2\/media\/76279"}],"wp:attachment":[{"href":"https:\/\/www.fanzword.com\/fr\/wp-json\/wp\/v2\/media?parent=76284"}],"wp:term":[{"taxonomy":"category","embeddable":true,"href":"https:\/\/www.fanzword.com\/fr\/wp-json\/wp\/v2\/categories?post=76284"},{"taxonomy":"post_tag","embeddable":true,"href":"https:\/\/www.fanzword.com\/fr\/wp-json\/wp\/v2\/tags?post=76284"}],"curies":[{"name":"wp","href":"https:\/\/api.w.org\/{rel}","templated":true}]}}