{"id":76244,"date":"2026-03-18T15:58:17","date_gmt":"2026-03-18T15:58:17","guid":{"rendered":"https:\/\/www.fanzword.com\/?p=76244"},"modified":"2026-03-18T15:58:17","modified_gmt":"2026-03-18T15:58:17","slug":"blessure-a-lepaule-kasper-schmeichel-contraint-de-prendre-sa-retraite","status":"publish","type":"post","link":"https:\/\/www.fanzword.com\/fr\/blessure-a-lepaule-kasper-schmeichel-contraint-de-prendre-sa-retraite\/","title":{"rendered":"Blessure \u00e0 l&rsquo;\u00e9paule : Kasper Schmeichel contraint de prendre sa retraite"},"content":{"rendered":"<p>Le gardien du Celtic, Kasper Schmeichel, a d\u00e9clar\u00e9 avoir peut-\u00eatre d\u00e9j\u00e0 disput\u00e9 son \u00ab dernier match de football \u00bb.<\/p>\n<p>\u00c2g\u00e9 de 39 ans, il doit subir une op\u00e9ration \u00e0 l&rsquo;\u00e9paule suite \u00e0 une blessure contract\u00e9e en f\u00e9vrier dernier.<\/p>\n<p>Schmeichel a jou\u00e9 son dernier match le 22 f\u00e9vrier et doit subir la premi\u00e8re de deux op\u00e9rations ce mois-ci. En raison de cette blessure, il manquera la demi-finale des barrages de la Coupe du monde opposant l&rsquo;Allemagne \u00e0 la Mac\u00e9doine du Nord le 26 mars.<\/p>\n<p>\u00ab C&rsquo;est probablement mon dernier match de football \u00bb, a d\u00e9clar\u00e9 Schmeichel aux m\u00e9dias anglais. \u00ab Je suis footballeur depuis ma naissance, et c&rsquo;est terrible. J&rsquo;ai beaucoup de mal \u00e0 r\u00e9aliser. \u00bb<\/p>\n<p>Il a poursuivi avec enthousiasme\u00a0: \u00ab\u00a0Je ferai tout mon possible pour revenir. Ce serait l\u2019un des plus grands succ\u00e8s de ma carri\u00e8re si je pouvais me remettre d\u2019une telle blessure. Je me battrai, je donnerai le meilleur de moi-m\u00eame et je suivrai scrupuleusement le programme de r\u00e9\u00e9ducation.\u00bb<\/p>\n<p>Schmeichel, champion de Premier League en 2016, a expliqu\u00e9 les d\u00e9tails de sa blessure\u00a0: \u00ab\u00a0Je dois maintenant subir deux op\u00e9rations pour r\u00e9parer mon \u00e9paule. J\u2019ai une rupture du biceps, une d\u00e9chirure de la coiffe des rotateurs, une luxation de l\u2019\u00e9paule et une d\u00e9chirure du m\u00e9nisque. C\u2019est toute mon articulation de l\u2019\u00e9paule qui est touch\u00e9e.\u00bb<\/p>\n<p>Pour donner une id\u00e9e de la gravit\u00e9 de la blessure, il a d\u00e9clar\u00e9\u00a0: \u00ab\u00a0Pour vous donner une id\u00e9e, c\u2019est comme si un joueur de champ se d\u00e9chirait simultan\u00e9ment le ligament crois\u00e9 ant\u00e9rieur et le tendon d\u2019Achille. Il semble que j\u2019aurai besoin de 10 \u00e0 12 mois de r\u00e9\u00e9ducation.\u00bb<\/p>\n<p>L&rsquo;ancien gardien de but de Leicester City, champion de Premier League en 2016, est en fin de contrat \u00e0 la fin de la saison actuelle et doit d\u00e9sormais faire face \u00e0 une p\u00e9riode de convalescence qui pourrait durer jusqu&rsquo;\u00e0 un an.<\/p>\n","protected":false},"excerpt":{"rendered":"<p>Le gardien du Celtic, Kasper Schmeichel, a d\u00e9clar\u00e9 avoir peut-\u00eatre d\u00e9j\u00e0 disput\u00e9 son \u00ab dernier match de football \u00bb. \u00c2g\u00e9 de 39 ans, il doit subir une op\u00e9ration \u00e0 l&rsquo;\u00e9paule suite \u00e0 une blessure contract\u00e9e en f\u00e9vrier dernier. Schmeichel a jou\u00e9 son dernier match le 22 f\u00e9vrier et doit subir la premi\u00e8re de deux op\u00e9rations [&hellip;]<\/p>\n","protected":false},"author":2,"featured_media":76239,"comment_status":"closed","ping_status":"closed","sticky":false,"template":"","format":"standard","meta":{"sfio_featured_image":false,"sfio_embed_code":"","footnotes":""},"categories":[212],"tags":[229],"class_list":["post-76244","post","type-post","status-publish","format-standard","has-post-thumbnail","hentry","category-premier-league","tag-premier-league-fr"],"_links":{"self":[{"href":"https:\/\/www.fanzword.com\/fr\/wp-json\/wp\/v2\/posts\/76244","targetHints":{"allow":["GET"]}}],"collection":[{"href":"https:\/\/www.fanzword.com\/fr\/wp-json\/wp\/v2\/posts"}],"about":[{"href":"https:\/\/www.fanzword.com\/fr\/wp-json\/wp\/v2\/types\/post"}],"author":[{"embeddable":true,"href":"https:\/\/www.fanzword.com\/fr\/wp-json\/wp\/v2\/users\/2"}],"replies":[{"embeddable":true,"href":"https:\/\/www.fanzword.com\/fr\/wp-json\/wp\/v2\/comments?post=76244"}],"version-history":[{"count":2,"href":"https:\/\/www.fanzword.com\/fr\/wp-json\/wp\/v2\/posts\/76244\/revisions"}],"predecessor-version":[{"id":76246,"href":"https:\/\/www.fanzword.com\/fr\/wp-json\/wp\/v2\/posts\/76244\/revisions\/76246"}],"wp:featuredmedia":[{"embeddable":true,"href":"https:\/\/www.fanzword.com\/fr\/wp-json\/wp\/v2\/media\/76239"}],"wp:attachment":[{"href":"https:\/\/www.fanzword.com\/fr\/wp-json\/wp\/v2\/media?parent=76244"}],"wp:term":[{"taxonomy":"category","embeddable":true,"href":"https:\/\/www.fanzword.com\/fr\/wp-json\/wp\/v2\/categories?post=76244"},{"taxonomy":"post_tag","embeddable":true,"href":"https:\/\/www.fanzword.com\/fr\/wp-json\/wp\/v2\/tags?post=76244"}],"curies":[{"name":"wp","href":"https:\/\/api.w.org\/{rel}","templated":true}]}}