{"id":76166,"date":"2026-03-17T20:46:04","date_gmt":"2026-03-17T20:46:04","guid":{"rendered":"https:\/\/www.fanzword.com\/?p=76166"},"modified":"2026-03-17T20:46:04","modified_gmt":"2026-03-17T20:46:04","slug":"apres-avoir-manque-un-penalty-a-laller-vinicius-brise-sa-malediction-face-a-city","status":"publish","type":"post","link":"https:\/\/www.fanzword.com\/fr\/apres-avoir-manque-un-penalty-a-laller-vinicius-brise-sa-malediction-face-a-city\/","title":{"rendered":"Apr\u00e8s avoir manqu\u00e9 un penalty \u00e0 l&rsquo;aller, Vinicius brise sa mal\u00e9diction face \u00e0 City"},"content":{"rendered":"<p>La star du Real Madrid, Vinicius Junior, s&rsquo;est rachet\u00e9e de son penalty manqu\u00e9 contre Manchester City lors du match aller des huiti\u00e8mes de finale de la Ligue des Champions en inscrivant un but au match retour.<\/p>\n<p>Alors que le Real Madrid menait 3-0 au Santiago Bernab\u00e9u, le club a obtenu un penalty, que Vinicius a tir\u00e9, mais sa frappe a \u00e9t\u00e9 repouss\u00e9e par Gianluigi Donnarumma.<\/p>\n<p>Au match retour \u00e0 l&rsquo;Etihad Stadium, le Real Madrid a obtenu un penalty apr\u00e8s seulement 22 minutes, ce qui a \u00e9galement entra\u00een\u00e9 l&rsquo;expulsion de Bernardo Silva.<\/p>\n<p>Cette fois, Vinicius n&rsquo;a pas d\u00e9\u00e7u, envoyant le ballon sur la gauche de Donnarumma, qui a plong\u00e9 sur sa droite pour donner l&rsquo;avantage au Real Madrid et rapprocher l&rsquo;\u00e9quipe d&rsquo;\u00c1lvaro Arbeloa des quarts de finale.<\/p>\n<p>Il s&rsquo;agissait du quatri\u00e8me but de l&rsquo;international br\u00e9silien en Ligue des Champions et de son quatorzi\u00e8me toutes comp\u00e9titions confondues cette saison avec le Real Madrid.<\/p>\n<p>Une finition absolument brillante de Vinicius.<\/p>\n<blockquote class=\"twitter-tweet\">\n<p dir=\"rtl\" lang=\"ar\">\u0641\u064a\u0646\u064a\u0633\u064a\u0648\u0633 \u064a\u0641\u062a\u062a\u062d \u0627\u0644\u062a\u0633\u062c\u064a\u0644 \u0644\u0644\u0631\u064a\u0627\u0644 \u0645\u0646 \u0631\u0643\u0644\u0629 \u062c\u0632\u0627\u0621 \u0623\u0639\u0644\u0646\u0647\u0627 \u0627\u0644\u062d\u0643\u0645 \u0625\u062b\u0631 \u0644\u0645\u0633 \u0633\u064a\u0644\u0641\u0627 \u0627\u0644\u0643\u0631\u0629 \u0628\u064a\u062f\u0647 \u0648\u0645\u0646 \u062b\u0645 \u0637\u0631\u062f\u0647 \ud83e\udd45\ud83d\udd25<a href=\"https:\/\/twitter.com\/hashtag\/%D8%AF%D9%88%D8%B1%D9%8A_%D8%A3%D8%A8%D8%B7%D8%A7%D9%84_%D8%A3%D9%88%D8%B1%D9%88%D8%A8%D8%A7?src=hash&amp;ref_src=twsrc%5Etfw\" rel=\"nofollow noopener\" target=\"_blank\">#\u062f\u0648\u0631\u064a_\u0623\u0628\u0637\u0627\u0644_\u0623\u0648\u0631\u0648\u0628\u0627<\/a><a href=\"https:\/\/twitter.com\/hashtag\/UCL?src=hash&amp;ref_src=twsrc%5Etfw\" rel=\"nofollow noopener\" target=\"_blank\">#UCL<\/a> | <a href=\"https:\/\/twitter.com\/hashtag\/beINUCL?src=hash&amp;ref_src=twsrc%5Etfw\" rel=\"nofollow noopener\" target=\"_blank\">#beINUCL<\/a> <a href=\"https:\/\/t.co\/MRajszPbUC\" rel=\"nofollow\">pic.twitter.com\/MRajszPbUC<\/a><\/p>\n<p>\u2014 beIN SPORTS (@beINSPORTS) <a href=\"https:\/\/twitter.com\/beINSPORTS\/status\/2034005140047356210?ref_src=twsrc%5Etfw\" rel=\"nofollow noopener\" target=\"_blank\">March 17, 2026<\/a><\/p><\/blockquote>\n<p><script async src=\"https:\/\/platform.twitter.com\/widgets.js\" charset=\"utf-8\"><\/script><\/p>\n","protected":false},"excerpt":{"rendered":"<p>La star du Real Madrid, Vinicius Junior, s&rsquo;est rachet\u00e9e de son penalty manqu\u00e9 contre Manchester City lors du match aller des huiti\u00e8mes de finale de la Ligue des Champions en inscrivant un but au match retour. Alors que le Real Madrid menait 3-0 au Santiago Bernab\u00e9u, le club a obtenu un penalty, que Vinicius a [&hellip;]<\/p>\n","protected":false},"author":2,"featured_media":76161,"comment_status":"closed","ping_status":"closed","sticky":false,"template":"","format":"standard","meta":{"sfio_featured_image":false,"sfio_embed_code":"","footnotes":""},"categories":[251,222],"tags":[],"class_list":["post-76166","post","type-post","status-publish","format-standard","has-post-thumbnail","hentry","category-ligue-des-champions","category-real-madrid-fr"],"_links":{"self":[{"href":"https:\/\/www.fanzword.com\/fr\/wp-json\/wp\/v2\/posts\/76166","targetHints":{"allow":["GET"]}}],"collection":[{"href":"https:\/\/www.fanzword.com\/fr\/wp-json\/wp\/v2\/posts"}],"about":[{"href":"https:\/\/www.fanzword.com\/fr\/wp-json\/wp\/v2\/types\/post"}],"author":[{"embeddable":true,"href":"https:\/\/www.fanzword.com\/fr\/wp-json\/wp\/v2\/users\/2"}],"replies":[{"embeddable":true,"href":"https:\/\/www.fanzword.com\/fr\/wp-json\/wp\/v2\/comments?post=76166"}],"version-history":[{"count":2,"href":"https:\/\/www.fanzword.com\/fr\/wp-json\/wp\/v2\/posts\/76166\/revisions"}],"predecessor-version":[{"id":76168,"href":"https:\/\/www.fanzword.com\/fr\/wp-json\/wp\/v2\/posts\/76166\/revisions\/76168"}],"wp:featuredmedia":[{"embeddable":true,"href":"https:\/\/www.fanzword.com\/fr\/wp-json\/wp\/v2\/media\/76161"}],"wp:attachment":[{"href":"https:\/\/www.fanzword.com\/fr\/wp-json\/wp\/v2\/media?parent=76166"}],"wp:term":[{"taxonomy":"category","embeddable":true,"href":"https:\/\/www.fanzword.com\/fr\/wp-json\/wp\/v2\/categories?post=76166"},{"taxonomy":"post_tag","embeddable":true,"href":"https:\/\/www.fanzword.com\/fr\/wp-json\/wp\/v2\/tags?post=76166"}],"curies":[{"name":"wp","href":"https:\/\/api.w.org\/{rel}","templated":true}]}}