{"id":76072,"date":"2026-03-17T11:04:39","date_gmt":"2026-03-17T11:04:39","guid":{"rendered":"https:\/\/www.fanzword.com\/?p=76072"},"modified":"2026-03-17T11:04:39","modified_gmt":"2026-03-17T11:04:39","slug":"neymar-reagit-a-la-decision-dancelotti-de-lecarter-a-nouveau-de-la-selection-bresilienne","status":"publish","type":"post","link":"https:\/\/www.fanzword.com\/fr\/neymar-reagit-a-la-decision-dancelotti-de-lecarter-a-nouveau-de-la-selection-bresilienne\/","title":{"rendered":"Neymar r\u00e9agit \u00e0 la d\u00e9cision d&rsquo;Ancelotti de l&rsquo;\u00e9carter \u00e0 nouveau de la s\u00e9lection br\u00e9silienne"},"content":{"rendered":"<p>Neymar n&rsquo;a pas cach\u00e9 sa profonde d\u00e9ception suite \u00e0 la d\u00e9cision de Carlo Ancelotti de l&rsquo;\u00e9carter de la s\u00e9lection br\u00e9silienne pour la tr\u00eave internationale de mars prochain. Il a toutefois insist\u00e9 sur le fait qu&rsquo;il ne renoncerait pas \u00e0 l&rsquo;espoir de repr\u00e9senter la Sele\u00e7\u00e3o lors de la Coupe du Monde 2026.<\/p>\n<p>Neymar \u00e9tait en excellente forme avec Santos ces derni\u00e8res semaines, ce qui lui avait valu une place dans la pr\u00e9s\u00e9lection d&rsquo;Ancelotti. Cependant, le s\u00e9lectionneur italien a d\u00e9cid\u00e9 de l&rsquo;\u00e9carter en raison d&rsquo;une nouvelle blessure, malgr\u00e9 sa gu\u00e9rison.<\/p>\n<p>Ancelotti maintient sa position : Neymar ne rejoindra la s\u00e9lection nationale que s&rsquo;il est compl\u00e8tement r\u00e9tabli de sa blessure et en pleine forme physique.<\/p>\n<p>L&rsquo;ancien joueur du FC Barcelone a comment\u00e9 la d\u00e9cision d&rsquo;Ancelotti : \u00ab Je suis frustr\u00e9 et triste de ne pas avoir \u00e9t\u00e9 s\u00e9lectionn\u00e9, mais je ne baisserai pas les bras. \u00bb<\/p>\n<p>Il a ajout\u00e9 : \u00ab Je resterai concentr\u00e9 \u00e0 chaque entra\u00eenement et \u00e0 chaque match pour relever ce d\u00e9fi ultime. L&rsquo;objectif est toujours l\u00e0, et la s\u00e9lection finale en d\u00e9cidera. \u00bb<\/p>\n<p>Ancelotti avait annonc\u00e9 que Neymar avait une chance de participer \u00e0 la Coupe du Monde, comme tous les joueurs br\u00e9siliens, \u00e0 condition d&rsquo;\u00eatre \u00e0 100 % de ses capacit\u00e9s physiques et techniques. Il exigeait du joueur qu&rsquo;il d\u00e9montre sa valeur dans les deux mois \u00e0 venir.<\/p>\n","protected":false},"excerpt":{"rendered":"<p>Neymar n&rsquo;a pas cach\u00e9 sa profonde d\u00e9ception suite \u00e0 la d\u00e9cision de Carlo Ancelotti de l&rsquo;\u00e9carter de la s\u00e9lection br\u00e9silienne pour la tr\u00eave internationale de mars prochain. Il a toutefois insist\u00e9 sur le fait qu&rsquo;il ne renoncerait pas \u00e0 l&rsquo;espoir de repr\u00e9senter la Sele\u00e7\u00e3o lors de la Coupe du Monde 2026. Neymar \u00e9tait en excellente [&hellip;]<\/p>\n","protected":false},"author":2,"featured_media":76067,"comment_status":"closed","ping_status":"closed","sticky":false,"template":"","format":"standard","meta":{"sfio_featured_image":false,"sfio_embed_code":"","footnotes":""},"categories":[220],"tags":[],"class_list":["post-76072","post","type-post","status-publish","format-standard","has-post-thumbnail","hentry","category-la-liga-fr"],"_links":{"self":[{"href":"https:\/\/www.fanzword.com\/fr\/wp-json\/wp\/v2\/posts\/76072","targetHints":{"allow":["GET"]}}],"collection":[{"href":"https:\/\/www.fanzword.com\/fr\/wp-json\/wp\/v2\/posts"}],"about":[{"href":"https:\/\/www.fanzword.com\/fr\/wp-json\/wp\/v2\/types\/post"}],"author":[{"embeddable":true,"href":"https:\/\/www.fanzword.com\/fr\/wp-json\/wp\/v2\/users\/2"}],"replies":[{"embeddable":true,"href":"https:\/\/www.fanzword.com\/fr\/wp-json\/wp\/v2\/comments?post=76072"}],"version-history":[{"count":2,"href":"https:\/\/www.fanzword.com\/fr\/wp-json\/wp\/v2\/posts\/76072\/revisions"}],"predecessor-version":[{"id":76074,"href":"https:\/\/www.fanzword.com\/fr\/wp-json\/wp\/v2\/posts\/76072\/revisions\/76074"}],"wp:featuredmedia":[{"embeddable":true,"href":"https:\/\/www.fanzword.com\/fr\/wp-json\/wp\/v2\/media\/76067"}],"wp:attachment":[{"href":"https:\/\/www.fanzword.com\/fr\/wp-json\/wp\/v2\/media?parent=76072"}],"wp:term":[{"taxonomy":"category","embeddable":true,"href":"https:\/\/www.fanzword.com\/fr\/wp-json\/wp\/v2\/categories?post=76072"},{"taxonomy":"post_tag","embeddable":true,"href":"https:\/\/www.fanzword.com\/fr\/wp-json\/wp\/v2\/tags?post=76072"}],"curies":[{"name":"wp","href":"https:\/\/api.w.org\/{rel}","templated":true}]}}