{"id":76027,"date":"2026-03-16T11:51:55","date_gmt":"2026-03-16T11:51:55","guid":{"rendered":"https:\/\/www.fanzword.com\/?p=76027"},"modified":"2026-03-16T11:51:55","modified_gmt":"2026-03-16T11:51:55","slug":"officiellement-mbappe-et-bellingham-en-tete-du-real-madrid-face-a-manchester-city","status":"publish","type":"post","link":"https:\/\/www.fanzword.com\/fr\/officiellement-mbappe-et-bellingham-en-tete-du-real-madrid-face-a-manchester-city\/","title":{"rendered":"Officiellement\u2026 Mbapp\u00e9 et Bellingham en t\u00eate du Real Madrid face \u00e0 Manchester City"},"content":{"rendered":"<p>Le Real Madrid a annonc\u00e9 une excellente nouvelle \u00e0 ses supporters : Kylian Mbapp\u00e9 et Jeremy Bellingham sont aptes \u00e0 disputer le match retour des huiti\u00e8mes de finale de la Ligue des Champions contre Manchester City.<\/p>\n<p>Mbapp\u00e9 souffrait d&rsquo;une rupture des ligaments du genou qui l&rsquo;a tenu \u00e9loign\u00e9 des terrains pendant pr\u00e8s d&rsquo;un mois, tandis que Bellingham \u00e9tait absent depuis un mois et demi en raison d&rsquo;une blessure \u00e0 la cuisse.<\/p>\n<p>Alors qu&rsquo;il avait \u00e9t\u00e9 initialement annonc\u00e9 que les deux joueurs auraient besoin d&rsquo;une p\u00e9riode de convalescence plus longue et qu&rsquo;ils devraient revenir apr\u00e8s la tr\u00eave internationale, heureusement pour l&rsquo;entra\u00eeneur \u00c1lvaro Arbeloa, ils sont r\u00e9tablis et disponibles pour jouer quelques minutes contre City \u00e0 l&rsquo;Etihad Stadium.<\/p>\n<p>La liste des joueurs annonc\u00e9e par le Real Madrid sur ses comptes officiels lundi comprenait Mbapp\u00e9 et Bellingham, ainsi que le retour du lat\u00e9ral gauche \u00c1lvaro Carreras, absent lors du match aller sur blessure.<\/p>\n<p>Le Real Madrid sera priv\u00e9 de cinq joueurs cl\u00e9s\u00a0: Ra\u00fal Asensio, \u00c9der Milit\u00e3o, Ferland Mendy, Dani Ceballos et Rodrygo.<\/p>\n<p>Pour pallier ces absences, Arbeloa a convoqu\u00e9 sept jeunes\u00a0: Cestero, Manuel \u00c1ngel, Palacios, Thiago Pitarch, Mario Ribas, Diego Agado et Fran Gonz\u00e1lez.<\/p>\n<p>\u00c0 noter que le Real Madrid s&rsquo;\u00e9tait impos\u00e9 3-0 \u00e0 l&rsquo;aller, gr\u00e2ce \u00e0 un tripl\u00e9 de Fede Valverde, la star uruguayenne.<\/p>\n","protected":false},"excerpt":{"rendered":"<p>Le Real Madrid a annonc\u00e9 une excellente nouvelle \u00e0 ses supporters : Kylian Mbapp\u00e9 et Jeremy Bellingham sont aptes \u00e0 disputer le match retour des huiti\u00e8mes de finale de la Ligue des Champions contre Manchester City. Mbapp\u00e9 souffrait d&rsquo;une rupture des ligaments du genou qui l&rsquo;a tenu \u00e9loign\u00e9 des terrains pendant pr\u00e8s d&rsquo;un mois, tandis [&hellip;]<\/p>\n","protected":false},"author":2,"featured_media":76022,"comment_status":"closed","ping_status":"closed","sticky":false,"template":"","format":"standard","meta":{"sfio_featured_image":false,"sfio_embed_code":"","footnotes":""},"categories":[251,222],"tags":[],"class_list":["post-76027","post","type-post","status-publish","format-standard","has-post-thumbnail","hentry","category-ligue-des-champions","category-real-madrid-fr"],"_links":{"self":[{"href":"https:\/\/www.fanzword.com\/fr\/wp-json\/wp\/v2\/posts\/76027","targetHints":{"allow":["GET"]}}],"collection":[{"href":"https:\/\/www.fanzword.com\/fr\/wp-json\/wp\/v2\/posts"}],"about":[{"href":"https:\/\/www.fanzword.com\/fr\/wp-json\/wp\/v2\/types\/post"}],"author":[{"embeddable":true,"href":"https:\/\/www.fanzword.com\/fr\/wp-json\/wp\/v2\/users\/2"}],"replies":[{"embeddable":true,"href":"https:\/\/www.fanzword.com\/fr\/wp-json\/wp\/v2\/comments?post=76027"}],"version-history":[{"count":1,"href":"https:\/\/www.fanzword.com\/fr\/wp-json\/wp\/v2\/posts\/76027\/revisions"}],"predecessor-version":[{"id":76028,"href":"https:\/\/www.fanzword.com\/fr\/wp-json\/wp\/v2\/posts\/76027\/revisions\/76028"}],"wp:featuredmedia":[{"embeddable":true,"href":"https:\/\/www.fanzword.com\/fr\/wp-json\/wp\/v2\/media\/76022"}],"wp:attachment":[{"href":"https:\/\/www.fanzword.com\/fr\/wp-json\/wp\/v2\/media?parent=76027"}],"wp:term":[{"taxonomy":"category","embeddable":true,"href":"https:\/\/www.fanzword.com\/fr\/wp-json\/wp\/v2\/categories?post=76027"},{"taxonomy":"post_tag","embeddable":true,"href":"https:\/\/www.fanzword.com\/fr\/wp-json\/wp\/v2\/tags?post=76027"}],"curies":[{"name":"wp","href":"https:\/\/api.w.org\/{rel}","templated":true}]}}