{"id":76003,"date":"2026-03-16T11:44:15","date_gmt":"2026-03-16T11:44:15","guid":{"rendered":"https:\/\/www.fanzword.com\/?p=76003"},"modified":"2026-03-16T11:44:15","modified_gmt":"2026-03-16T11:44:15","slug":"officiellement-joan-laporta-reelu-president-du-fc-barcelone-pour-cinq-ans","status":"publish","type":"post","link":"https:\/\/www.fanzword.com\/fr\/officiellement-joan-laporta-reelu-president-du-fc-barcelone-pour-cinq-ans\/","title":{"rendered":"Officiellement\u2026 Joan Laporta r\u00e9\u00e9lu pr\u00e9sident du FC Barcelone pour cinq ans."},"content":{"rendered":"<p>Joan Laporta a promis que le FC Barcelone \u00ab\u00a0ne s\u2019arr\u00eatera pas\u00a0\u00bb apr\u00e8s sa r\u00e9\u00e9lection \u00e0 la pr\u00e9sidence du club pour cinq ans.<\/p>\n<p>Le club catalan a annonc\u00e9 dimanche que Laporta avait remport\u00e9 l\u2019\u00e9lection avec un peu plus de 68\u00a0% des voix, entamant ainsi son deuxi\u00e8me mandat cons\u00e9cutif \u2013 et son quatri\u00e8me au total \u2013 le 1er\u00a0juillet.<\/p>\n<p>Son adversaire, Victor Font, a recueilli pr\u00e8s de 30\u00a0% des suffrages, les votes restants \u00e9tant nuls ou invalides.<\/p>\n<p>Laporta, entr\u00e9 en fonction en mars\u00a02021, a d\u00e9missionn\u00e9 le mois dernier conform\u00e9ment aux statuts du club afin de briguer un nouveau mandat.<\/p>\n<p>L\u2019homme de 63\u00a0ans a qualifi\u00e9 ce r\u00e9sultat de \u00ab\u00a0remarquable\u00a0\u00bb, ajoutant\u00a0: \u00ab\u00a0Cela nous donne une force immense et nous rend inarr\u00eatables\u00a0; personne ne pourra nous arr\u00eater. Des ann\u00e9es passionnantes nous attendent, qui seront les plus belles de notre vie.\u00bb<\/p>\n<p>Dans son discours de victoire, Laporta a promis de renforcer l\u2019\u00e9quipe premi\u00e8re et de mener \u00e0 bien le projet de r\u00e9novation du Camp\u00a0Nou. Le nombre de votes exprim\u00e9s s&rsquo;est \u00e9lev\u00e9 \u00e0 environ 48\u00a0500, soit un taux de participation de 42,34\u00a0%. Laporta a recueilli 32\u00a0934 voix, contre 14\u00a0385 pour Font, \u00e2g\u00e9 de 53 ans.<\/p>\n<p>Il convient de souligner que Laporta a pris la pr\u00e9sidence du FC Barcelone dans une p\u00e9riode particuli\u00e8rement difficile, le club ayant \u00e9t\u00e9 lourdement endett\u00e9 par la pr\u00e9c\u00e9dente direction. Il a rapidement trouv\u00e9 des solutions et, sous son impulsion, le club catalan a retrouv\u00e9 sa domination sur les comp\u00e9titions nationales, remportant notamment le tripl\u00e9 national la saison derni\u00e8re.<\/p>\n","protected":false},"excerpt":{"rendered":"<p>Joan Laporta a promis que le FC Barcelone \u00ab\u00a0ne s\u2019arr\u00eatera pas\u00a0\u00bb apr\u00e8s sa r\u00e9\u00e9lection \u00e0 la pr\u00e9sidence du club pour cinq ans. Le club catalan a annonc\u00e9 dimanche que Laporta avait remport\u00e9 l\u2019\u00e9lection avec un peu plus de 68\u00a0% des voix, entamant ainsi son deuxi\u00e8me mandat cons\u00e9cutif \u2013 et son quatri\u00e8me au total \u2013 le [&hellip;]<\/p>\n","protected":false},"author":2,"featured_media":75999,"comment_status":"closed","ping_status":"closed","sticky":false,"template":"","format":"standard","meta":{"sfio_featured_image":false,"sfio_embed_code":"","footnotes":""},"categories":[221],"tags":[],"class_list":["post-76003","post","type-post","status-publish","format-standard","has-post-thumbnail","hentry","category-barcelona-fr"],"_links":{"self":[{"href":"https:\/\/www.fanzword.com\/fr\/wp-json\/wp\/v2\/posts\/76003","targetHints":{"allow":["GET"]}}],"collection":[{"href":"https:\/\/www.fanzword.com\/fr\/wp-json\/wp\/v2\/posts"}],"about":[{"href":"https:\/\/www.fanzword.com\/fr\/wp-json\/wp\/v2\/types\/post"}],"author":[{"embeddable":true,"href":"https:\/\/www.fanzword.com\/fr\/wp-json\/wp\/v2\/users\/2"}],"replies":[{"embeddable":true,"href":"https:\/\/www.fanzword.com\/fr\/wp-json\/wp\/v2\/comments?post=76003"}],"version-history":[{"count":1,"href":"https:\/\/www.fanzword.com\/fr\/wp-json\/wp\/v2\/posts\/76003\/revisions"}],"predecessor-version":[{"id":76004,"href":"https:\/\/www.fanzword.com\/fr\/wp-json\/wp\/v2\/posts\/76003\/revisions\/76004"}],"wp:featuredmedia":[{"embeddable":true,"href":"https:\/\/www.fanzword.com\/fr\/wp-json\/wp\/v2\/media\/75999"}],"wp:attachment":[{"href":"https:\/\/www.fanzword.com\/fr\/wp-json\/wp\/v2\/media?parent=76003"}],"wp:term":[{"taxonomy":"category","embeddable":true,"href":"https:\/\/www.fanzword.com\/fr\/wp-json\/wp\/v2\/categories?post=76003"},{"taxonomy":"post_tag","embeddable":true,"href":"https:\/\/www.fanzword.com\/fr\/wp-json\/wp\/v2\/tags?post=76003"}],"curies":[{"name":"wp","href":"https:\/\/api.w.org\/{rel}","templated":true}]}}