{"id":75934,"date":"2026-03-16T11:21:27","date_gmt":"2026-03-16T11:21:27","guid":{"rendered":"https:\/\/www.fanzword.com\/?p=75934"},"modified":"2026-03-16T11:21:27","modified_gmt":"2026-03-16T11:21:27","slug":"le-bayern-munich-dans-une-situation-delicate-ses-trois-gardiens-sont-blesses","status":"publish","type":"post","link":"https:\/\/www.fanzword.com\/fr\/le-bayern-munich-dans-une-situation-delicate-ses-trois-gardiens-sont-blesses\/","title":{"rendered":"Le Bayern Munich dans une situation d\u00e9licate : ses trois gardiens sont bless\u00e9s !"},"content":{"rendered":"<p>L&rsquo;entra\u00eeneur du Bayern Munich, Vincent Kompany, se retrouve priv\u00e9 de ses trois gardiens titulaires pour le match retour des huiti\u00e8mes de finale de la Ligue des Champions contre l&rsquo;Atalanta cette semaine.<\/p>\n<p>La crise, qui a d\u00e9but\u00e9 la semaine derni\u00e8re avec les absences de Manuel Neuer et Jonas Orbig, s&rsquo;est aggrav\u00e9e avec l&rsquo;annonce de la blessure de Sven Ulreich, le troisi\u00e8me gardien, victime d&rsquo;une d\u00e9chirure de l&rsquo;adducteur droit lors du match nul 1-1 du Bayern face au Bayer Leverkusen.<\/p>\n<p>\u00c0 l&rsquo;approche du match retour des huiti\u00e8mes de finale de la Ligue des Champions, pr\u00e9vu le mercredi 18 mars, tous les regards sont tourn\u00e9s vers l&rsquo;identit\u00e9 du gardien qui gardera les cages des champions de Bundesliga, compte tenu de l&rsquo;absence actuelle de leurs trois gardiens de l&rsquo;\u00e9quipe premi\u00e8re.<\/p>\n<p>Si les forfaits de Neuer et Ulreich sont confirm\u00e9s, la participation d&rsquo;Orbig face \u00e0 l&rsquo;\u00e9quipe italienne reste incertaine.<\/p>\n<p>Si Orbig est effectivement forfait, Kompany devra faire appel \u00e0 un gardien de l&rsquo;\u00e9quipe r\u00e9serve pour le remplacer.<\/p>\n<p>Le favori est le gardien qui a d\u00e9but\u00e9 sur le banc contre Leverkusen\u00a0: Leonard Prescott, 16 ans. S&rsquo;il est titularis\u00e9 contre l&rsquo;Atalanta, le gardien am\u00e9ricain deviendra le plus jeune gardien de l&rsquo;histoire du club et le deuxi\u00e8me plus jeune joueur \u00e0 avoir jamais port\u00e9 le maillot de l&rsquo;\u00e9quipe, derri\u00e8re Paul Fanner.<\/p>\n<p>Si Kompany souhaite un gardien un peu plus exp\u00e9riment\u00e9 que Prescott, il pourrait se tourner vers Yannis Bartl\u00a0; le jeune homme de 19 ans joue r\u00e9guli\u00e8rement avec l&rsquo;\u00e9quipe r\u00e9serve.<\/p>\n","protected":false},"excerpt":{"rendered":"<p>L&rsquo;entra\u00eeneur du Bayern Munich, Vincent Kompany, se retrouve priv\u00e9 de ses trois gardiens titulaires pour le match retour des huiti\u00e8mes de finale de la Ligue des Champions contre l&rsquo;Atalanta cette semaine. La crise, qui a d\u00e9but\u00e9 la semaine derni\u00e8re avec les absences de Manuel Neuer et Jonas Orbig, s&rsquo;est aggrav\u00e9e avec l&rsquo;annonce de la blessure [&hellip;]<\/p>\n","protected":false},"author":2,"featured_media":75929,"comment_status":"closed","ping_status":"closed","sticky":false,"template":"","format":"standard","meta":{"sfio_featured_image":false,"sfio_embed_code":"","footnotes":""},"categories":[225],"tags":[],"class_list":["post-75934","post","type-post","status-publish","format-standard","has-post-thumbnail","hentry","category-bayern-munich-fr"],"_links":{"self":[{"href":"https:\/\/www.fanzword.com\/fr\/wp-json\/wp\/v2\/posts\/75934","targetHints":{"allow":["GET"]}}],"collection":[{"href":"https:\/\/www.fanzword.com\/fr\/wp-json\/wp\/v2\/posts"}],"about":[{"href":"https:\/\/www.fanzword.com\/fr\/wp-json\/wp\/v2\/types\/post"}],"author":[{"embeddable":true,"href":"https:\/\/www.fanzword.com\/fr\/wp-json\/wp\/v2\/users\/2"}],"replies":[{"embeddable":true,"href":"https:\/\/www.fanzword.com\/fr\/wp-json\/wp\/v2\/comments?post=75934"}],"version-history":[{"count":1,"href":"https:\/\/www.fanzword.com\/fr\/wp-json\/wp\/v2\/posts\/75934\/revisions"}],"predecessor-version":[{"id":75935,"href":"https:\/\/www.fanzword.com\/fr\/wp-json\/wp\/v2\/posts\/75934\/revisions\/75935"}],"wp:featuredmedia":[{"embeddable":true,"href":"https:\/\/www.fanzword.com\/fr\/wp-json\/wp\/v2\/media\/75929"}],"wp:attachment":[{"href":"https:\/\/www.fanzword.com\/fr\/wp-json\/wp\/v2\/media?parent=75934"}],"wp:term":[{"taxonomy":"category","embeddable":true,"href":"https:\/\/www.fanzword.com\/fr\/wp-json\/wp\/v2\/categories?post=75934"},{"taxonomy":"post_tag","embeddable":true,"href":"https:\/\/www.fanzword.com\/fr\/wp-json\/wp\/v2\/tags?post=75934"}],"curies":[{"name":"wp","href":"https:\/\/api.w.org\/{rel}","templated":true}]}}