{"id":75910,"date":"2026-03-14T22:13:49","date_gmt":"2026-03-14T22:13:49","guid":{"rendered":"https:\/\/www.fanzword.com\/?p=75910"},"modified":"2026-03-14T22:22:28","modified_gmt":"2026-03-14T22:22:28","slug":"guler-marque-du-milieu-de-terrain-et-le-real-madrid-ecrase-elche","status":"publish","type":"post","link":"https:\/\/www.fanzword.com\/fr\/guler-marque-du-milieu-de-terrain-et-le-real-madrid-ecrase-elche\/","title":{"rendered":"G\u00fcler marque du milieu de terrain et le Real Madrid \u00e9crase Elche"},"content":{"rendered":"<p>Le Real Madrid a continu\u00e9 de mettre la pression sur son rival, le FC Barcelone, dans la course au titre de La Liga en s&rsquo;imposant facilement face \u00e0 Elche, lanterne rouge du championnat, au Santiago Bernab\u00e9u.<\/p>\n<p>Antonio R\u00fcdiger a ouvert le score \u00e0 la 39e minute, reprenant victorieusement le tir de Valverde apr\u00e8s une parade du gardien Di Toro.<\/p>\n<p>Cinq minutes plus tard, le score \u00e9tait de 2-0. Valverde a r\u00e9cup\u00e9r\u00e9 le ballon au milieu de terrain, a combin\u00e9 avec Fran Garc\u00eda, l&rsquo;a contr\u00f4l\u00e9 du pied droit et a enroul\u00e9 une frappe dans la lucarne, hors de port\u00e9e de Di Toro.<\/p>\n<p>Dean Hoesen a inscrit le troisi\u00e8me but d&rsquo;une t\u00eate bien plac\u00e9e \u00e0 l&rsquo;heure de jeu.<\/p>\n<p>Malgr\u00e9 un but contre son camp en fin de match, lorsque le rempla\u00e7ant Manuel \u00c1ngel a d\u00e9vi\u00e9 un centre dans ses propres filets, les Merengues ont r\u00e9tabli leur avance de trois buts de mani\u00e8re spectaculaire gr\u00e2ce \u00e0 un but d&rsquo;Arda G\u00fcler depuis le milieu de terrain, scellant ainsi une victoire 4-1.<\/p>\n<blockquote class=\"twitter-tweet\">\n<p dir=\"rtl\" lang=\"ar\">\u0647\u062f\u0641 \u062e\u064a\u0627\u0644\u064a \u0639\u0627\u0628\u0631 \u0644\u0644\u0642\u0627\u0631\u0627\u062a!<\/p>\n<p>\u0623\u0631\u062f\u0627 \u063a\u0648\u0644\u0631 \u064a\u0637\u0644\u0642 \u062a\u0633\u062f\u064a\u062f\u0629 \u0645\u0630\u0647\u0644\u0629 \u062a\u0647\u0632 \u0634\u0628\u0627\u0643 \u0625\u0644\u062a\u0634\u064a \u0648\u064a\u0636\u064a\u0641 \u0647\u062f\u0641\u0627\u064b \u0631\u0627\u0626\u0639\u0627\u064b \u0644\u0631\u064a\u0627\u0644 \u0645\u062f\u0631\u064a\u062f <a href=\"https:\/\/twitter.com\/hashtag\/%D8%A7%D9%84%D8%AF%D9%88%D8%B1%D9%8A_%D8%A7%D9%84%D8%A5%D8%B3%D8%A8%D8%A7%D9%86%D9%8A?src=hash&amp;ref_src=twsrc%5Etfw\" rel=\"nofollow noopener\" target=\"_blank\">#\u0627\u0644\u062f\u0648\u0631\u064a_\u0627\u0644\u0625\u0633\u0628\u0627\u0646\u064a<\/a> <a href=\"https:\/\/twitter.com\/hashtag\/%D8%B1%D9%8A%D8%A7%D9%84_%D9%85%D8%AF%D8%B1%D9%8A%D8%AF_%D8%A5%D9%84%D8%AA%D8%B4%D9%8A?src=hash&amp;ref_src=twsrc%5Etfw\" rel=\"nofollow noopener\" target=\"_blank\">#\u0631\u064a\u0627\u0644_\u0645\u062f\u0631\u064a\u062f_\u0625\u0644\u062a\u0634\u064a<\/a> <a href=\"https:\/\/t.co\/jWZcLPqMYE\" rel=\"nofollow\">pic.twitter.com\/jWZcLPqMYE<\/a><\/p>\n<p>\u2014 beIN SPORTS (@beINSPORTS) <a href=\"https:\/\/twitter.com\/beINSPORTS\/status\/2032943661499961533?ref_src=twsrc%5Etfw\" rel=\"nofollow noopener\" target=\"_blank\">March 14, 2026<\/a><\/p><\/blockquote>\n<p><script async src=\"https:\/\/platform.twitter.com\/widgets.js\" charset=\"utf-8\"><\/script>Le Real Madrid n&rsquo;a pas eu \u00e0 forcer son talent pour s&rsquo;imposer, un facteur crucial pour Arbeloa et ses joueurs avant le match retour des huiti\u00e8mes de finale de la Ligue des Champions face \u00e0 Manchester City.<\/p>\n<p>Gr\u00e2ce \u00e0 cette victoire, les Merengues n&rsquo;ont plus qu&rsquo;un point d&rsquo;avance sur Barcelone, avant le match des Catalans contre S\u00e9ville dimanche.<\/p>\n","protected":false},"excerpt":{"rendered":"<p>Le Real Madrid a continu\u00e9 de mettre la pression sur son rival, le FC Barcelone, dans la course au titre de La Liga en s&rsquo;imposant facilement face \u00e0 Elche, lanterne rouge du championnat, au Santiago Bernab\u00e9u. Antonio R\u00fcdiger a ouvert le score \u00e0 la 39e minute, reprenant victorieusement le tir de Valverde apr\u00e8s une parade [&hellip;]<\/p>\n","protected":false},"author":2,"featured_media":75906,"comment_status":"closed","ping_status":"closed","sticky":false,"template":"","format":"standard","meta":{"sfio_featured_image":false,"sfio_embed_code":"","footnotes":""},"categories":[220,222],"tags":[],"class_list":["post-75910","post","type-post","status-publish","format-standard","has-post-thumbnail","hentry","category-la-liga-fr","category-real-madrid-fr"],"_links":{"self":[{"href":"https:\/\/www.fanzword.com\/fr\/wp-json\/wp\/v2\/posts\/75910","targetHints":{"allow":["GET"]}}],"collection":[{"href":"https:\/\/www.fanzword.com\/fr\/wp-json\/wp\/v2\/posts"}],"about":[{"href":"https:\/\/www.fanzword.com\/fr\/wp-json\/wp\/v2\/types\/post"}],"author":[{"embeddable":true,"href":"https:\/\/www.fanzword.com\/fr\/wp-json\/wp\/v2\/users\/2"}],"replies":[{"embeddable":true,"href":"https:\/\/www.fanzword.com\/fr\/wp-json\/wp\/v2\/comments?post=75910"}],"version-history":[{"count":2,"href":"https:\/\/www.fanzword.com\/fr\/wp-json\/wp\/v2\/posts\/75910\/revisions"}],"predecessor-version":[{"id":75923,"href":"https:\/\/www.fanzword.com\/fr\/wp-json\/wp\/v2\/posts\/75910\/revisions\/75923"}],"wp:featuredmedia":[{"embeddable":true,"href":"https:\/\/www.fanzword.com\/fr\/wp-json\/wp\/v2\/media\/75906"}],"wp:attachment":[{"href":"https:\/\/www.fanzword.com\/fr\/wp-json\/wp\/v2\/media?parent=75910"}],"wp:term":[{"taxonomy":"category","embeddable":true,"href":"https:\/\/www.fanzword.com\/fr\/wp-json\/wp\/v2\/categories?post=75910"},{"taxonomy":"post_tag","embeddable":true,"href":"https:\/\/www.fanzword.com\/fr\/wp-json\/wp\/v2\/tags?post=75910"}],"curies":[{"name":"wp","href":"https:\/\/api.w.org\/{rel}","templated":true}]}}