{"id":75900,"date":"2026-03-14T21:07:41","date_gmt":"2026-03-14T21:07:41","guid":{"rendered":"https:\/\/www.fanzword.com\/?p=75900"},"modified":"2026-03-14T21:07:41","modified_gmt":"2026-03-14T21:07:41","slug":"valverde-confirme-sa-forme-etincelante-avec-un-but-magnifique-contre-elche","status":"publish","type":"post","link":"https:\/\/www.fanzword.com\/fr\/valverde-confirme-sa-forme-etincelante-avec-un-but-magnifique-contre-elche\/","title":{"rendered":"Valverde confirme sa forme \u00e9tincelante avec un but magnifique contre Elche"},"content":{"rendered":"<p>Fede Valverde a confirm\u00e9 son excellent niveau de jeu avec le Real Madrid ces derni\u00e8res semaines, en inscrivant un but splendide face \u00e0 Elche samedi, lors de la rencontre de Liga.<\/p>\n<p>Antonio R\u00fcdiger avait ouvert le score pour le Real Madrid \u00e0 la 39e minute, et Valverde a rapidement doubl\u00e9 la mise \u00e0 la 44e minute.<\/p>\n<p>L&rsquo;international uruguayen a re\u00e7u le ballon \u00e0 l&rsquo;entr\u00e9e de la surface de r\u00e9paration, a dribbl\u00e9 un d\u00e9fenseur d&rsquo;Elche, puis a d\u00e9coch\u00e9 une superbe frappe imparable au fond des filets du Santiago Bernab\u00e9u.<\/p>\n<p>Valverde avait d\u00e9j\u00e0 inscrit un tripl\u00e9 lors du dernier match de Ligue des Champions du Real Madrid contre Manchester City.<\/p>\n<p>Sur ses huit derni\u00e8res apparitions, Valverde a \u00e9t\u00e9 impliqu\u00e9 dans neuf buts pour le Real Madrid, toutes comp\u00e9titions confondues.<\/p>\n<p>Il a marqu\u00e9 contre la Real Sociedad, d\u00e9livr\u00e9 une passe d\u00e9cisive contre Osasuna, inscrit un doubl\u00e9 contre Benfica, marqu\u00e9 le but de la victoire contre le Celta Vigo, puis r\u00e9alis\u00e9 un tripl\u00e9 contre City et marqu\u00e9 aujourd&rsquo;hui contre Elche.<\/p>\n<p>Nous vous laissons admirer le magnifique but de la star du Real Madrid\u2026<\/p>\n<blockquote class=\"twitter-tweet\">\n<p dir=\"rtl\" lang=\"ar\">\u26a1 \u0627\u0633\u062a\u0645\u0631\u0627\u0631 \u0627\u0644\u062a\u0623\u0644\u0642!<\/p>\n<p>\u0641\u064a\u062f\u064a\u0631\u064a\u0643\u0648 \u0641\u0627\u0644\u0641\u064a\u0631\u062f\u064a \u064a\u0648\u0627\u0635\u0644 \u0631\u062d\u0644\u0629 \u0627\u0644\u062a\u0641\u0648\u0642 \u0648\u064a\u0633\u062c\u0644 \u0627\u0644\u0647\u062f\u0641 \u0627\u0644\u062b\u0627\u0646\u064a \u0644\u0640 \u0631\u064a\u0627\u0644 \u0645\u062f\u0631\u064a\u062f \u0641\u064a \u0634\u0628\u0627\u0643 \u0625\u0644\u062a\u0634\u064a \u26bd<a href=\"https:\/\/twitter.com\/hashtag\/%D8%A7%D9%84%D8%AF%D9%88%D8%B1%D9%8A_%D8%A7%D9%84%D8%A5%D8%B3%D8%A8%D8%A7%D9%86%D9%8A?src=hash&amp;ref_src=twsrc%5Etfw\" rel=\"nofollow noopener\" target=\"_blank\">#\u0627\u0644\u062f\u0648\u0631\u064a_\u0627\u0644\u0625\u0633\u0628\u0627\u0646\u064a<\/a> <a href=\"https:\/\/twitter.com\/hashtag\/%D8%B1%D9%8A%D8%A7%D9%84_%D9%85%D8%AF%D8%B1%D9%8A%D8%AF_%D8%A5%D9%84%D8%AA%D8%B4%D9%8A?src=hash&amp;ref_src=twsrc%5Etfw\" rel=\"nofollow noopener\" target=\"_blank\">#\u0631\u064a\u0627\u0644_\u0645\u062f\u0631\u064a\u062f_\u0625\u0644\u062a\u0634\u064a<\/a> <a href=\"https:\/\/t.co\/DnEjmhCD8q\" rel=\"nofollow\">pic.twitter.com\/DnEjmhCD8q<\/a><\/p>\n<p>\u2014 beIN SPORTS (@beINSPORTS) <a href=\"https:\/\/twitter.com\/beINSPORTS\/status\/2032923786358481328?ref_src=twsrc%5Etfw\" rel=\"nofollow noopener\" target=\"_blank\">March 14, 2026<\/a><\/p><\/blockquote>\n<p><script async src=\"https:\/\/platform.twitter.com\/widgets.js\" charset=\"utf-8\"><\/script><\/p>\n","protected":false},"excerpt":{"rendered":"<p>Fede Valverde a confirm\u00e9 son excellent niveau de jeu avec le Real Madrid ces derni\u00e8res semaines, en inscrivant un but splendide face \u00e0 Elche samedi, lors de la rencontre de Liga. Antonio R\u00fcdiger avait ouvert le score pour le Real Madrid \u00e0 la 39e minute, et Valverde a rapidement doubl\u00e9 la mise \u00e0 la 44e [&hellip;]<\/p>\n","protected":false},"author":2,"featured_media":75895,"comment_status":"closed","ping_status":"closed","sticky":false,"template":"","format":"standard","meta":{"sfio_featured_image":false,"sfio_embed_code":"","footnotes":""},"categories":[220,222],"tags":[],"class_list":["post-75900","post","type-post","status-publish","format-standard","has-post-thumbnail","hentry","category-la-liga-fr","category-real-madrid-fr"],"_links":{"self":[{"href":"https:\/\/www.fanzword.com\/fr\/wp-json\/wp\/v2\/posts\/75900","targetHints":{"allow":["GET"]}}],"collection":[{"href":"https:\/\/www.fanzword.com\/fr\/wp-json\/wp\/v2\/posts"}],"about":[{"href":"https:\/\/www.fanzword.com\/fr\/wp-json\/wp\/v2\/types\/post"}],"author":[{"embeddable":true,"href":"https:\/\/www.fanzword.com\/fr\/wp-json\/wp\/v2\/users\/2"}],"replies":[{"embeddable":true,"href":"https:\/\/www.fanzword.com\/fr\/wp-json\/wp\/v2\/comments?post=75900"}],"version-history":[{"count":2,"href":"https:\/\/www.fanzword.com\/fr\/wp-json\/wp\/v2\/posts\/75900\/revisions"}],"predecessor-version":[{"id":75902,"href":"https:\/\/www.fanzword.com\/fr\/wp-json\/wp\/v2\/posts\/75900\/revisions\/75902"}],"wp:featuredmedia":[{"embeddable":true,"href":"https:\/\/www.fanzword.com\/fr\/wp-json\/wp\/v2\/media\/75895"}],"wp:attachment":[{"href":"https:\/\/www.fanzword.com\/fr\/wp-json\/wp\/v2\/media?parent=75900"}],"wp:term":[{"taxonomy":"category","embeddable":true,"href":"https:\/\/www.fanzword.com\/fr\/wp-json\/wp\/v2\/categories?post=75900"},{"taxonomy":"post_tag","embeddable":true,"href":"https:\/\/www.fanzword.com\/fr\/wp-json\/wp\/v2\/tags?post=75900"}],"curies":[{"name":"wp","href":"https:\/\/api.w.org\/{rel}","templated":true}]}}