{"id":75830,"date":"2026-03-14T13:43:27","date_gmt":"2026-03-14T13:43:27","guid":{"rendered":"https:\/\/www.fanzword.com\/?p=75830"},"modified":"2026-03-14T13:43:27","modified_gmt":"2026-03-14T13:43:27","slug":"officiellement-barcelone-accueille-le-retour-de-gavi-apres-6-mois-dabsence","status":"publish","type":"post","link":"https:\/\/www.fanzword.com\/fr\/officiellement-barcelone-accueille-le-retour-de-gavi-apres-6-mois-dabsence\/","title":{"rendered":"Officiellement\u2026 Barcelone accueille le retour de Gavi apr\u00e8s 6 mois d&rsquo;absence"},"content":{"rendered":"<p>Un v\u00e9ritable coup de pouce pour le moral de l&rsquo;\u00e9quipe : le FC Barcelone a annonc\u00e9 que son milieu de terrain chouchou des supporters, Gavi, a re\u00e7u le feu vert m\u00e9dical pour reprendre la comp\u00e9tition apr\u00e8s plus de six mois d&rsquo;absence.<\/p>\n<p>Le joueur form\u00e9 \u00e0 La Masia s&rsquo;\u00e9tait bless\u00e9 au genou fin ao\u00fbt, n\u00e9cessitant une arthroscopie. L&rsquo;op\u00e9ration a r\u00e9v\u00e9l\u00e9 que la blessure \u00e9tait plus grave qu&rsquo;initialement pr\u00e9vu, ce qui a prolong\u00e9 sa convalescence.<\/p>\n<p>Apr\u00e8s un peu plus de six mois pass\u00e9s loin des terrains et un travail acharn\u00e9 sur sa r\u00e9\u00e9ducation, Gavi a re\u00e7u le feu vert pour son retour. Le communiqu\u00e9 du club pr\u00e9cise : \u00ab Gavi a re\u00e7u le feu vert m\u00e9dical et est disponible pour le match de demain contre S\u00e9ville. \u00bb<\/p>\n<p>L&rsquo;international espagnol avait d\u00e9j\u00e0 repris l&rsquo;entra\u00eenement avec le reste de l&rsquo;\u00e9quipe et avait m\u00eame voyag\u00e9 avec elle pour les r\u00e9cents matchs contre l&rsquo;Athletic Bilbao et Newcastle United. Alors que Barcelone s&rsquo;appr\u00eate \u00e0 affronter S\u00e9ville demain au Camp Nou, Gavi a enfin re\u00e7u le feu vert m\u00e9dical et pourrait faire son retour sur les terrains apr\u00e8s sa longue absence.<\/p>\n<p>Ce retour repr\u00e9sente un atout consid\u00e9rable pour Barcelone \u00e0 l&rsquo;approche de la derni\u00e8re ligne droite de la saison, surtout compte tenu de la blessure actuelle de Frenkie de Jong et de la n\u00e9cessit\u00e9 de g\u00e9rer avec pr\u00e9caution la condition physique de Pedri suite \u00e0 ses propres probl\u00e8mes de forme.<\/p>\n","protected":false},"excerpt":{"rendered":"<p>Un v\u00e9ritable coup de pouce pour le moral de l&rsquo;\u00e9quipe : le FC Barcelone a annonc\u00e9 que son milieu de terrain chouchou des supporters, Gavi, a re\u00e7u le feu vert m\u00e9dical pour reprendre la comp\u00e9tition apr\u00e8s plus de six mois d&rsquo;absence. Le joueur form\u00e9 \u00e0 La Masia s&rsquo;\u00e9tait bless\u00e9 au genou fin ao\u00fbt, n\u00e9cessitant une [&hellip;]<\/p>\n","protected":false},"author":2,"featured_media":75825,"comment_status":"closed","ping_status":"closed","sticky":false,"template":"","format":"standard","meta":{"sfio_featured_image":false,"sfio_embed_code":"","footnotes":""},"categories":[221],"tags":[],"class_list":["post-75830","post","type-post","status-publish","format-standard","has-post-thumbnail","hentry","category-barcelona-fr"],"_links":{"self":[{"href":"https:\/\/www.fanzword.com\/fr\/wp-json\/wp\/v2\/posts\/75830","targetHints":{"allow":["GET"]}}],"collection":[{"href":"https:\/\/www.fanzword.com\/fr\/wp-json\/wp\/v2\/posts"}],"about":[{"href":"https:\/\/www.fanzword.com\/fr\/wp-json\/wp\/v2\/types\/post"}],"author":[{"embeddable":true,"href":"https:\/\/www.fanzword.com\/fr\/wp-json\/wp\/v2\/users\/2"}],"replies":[{"embeddable":true,"href":"https:\/\/www.fanzword.com\/fr\/wp-json\/wp\/v2\/comments?post=75830"}],"version-history":[{"count":1,"href":"https:\/\/www.fanzword.com\/fr\/wp-json\/wp\/v2\/posts\/75830\/revisions"}],"predecessor-version":[{"id":75831,"href":"https:\/\/www.fanzword.com\/fr\/wp-json\/wp\/v2\/posts\/75830\/revisions\/75831"}],"wp:featuredmedia":[{"embeddable":true,"href":"https:\/\/www.fanzword.com\/fr\/wp-json\/wp\/v2\/media\/75825"}],"wp:attachment":[{"href":"https:\/\/www.fanzword.com\/fr\/wp-json\/wp\/v2\/media?parent=75830"}],"wp:term":[{"taxonomy":"category","embeddable":true,"href":"https:\/\/www.fanzword.com\/fr\/wp-json\/wp\/v2\/categories?post=75830"},{"taxonomy":"post_tag","embeddable":true,"href":"https:\/\/www.fanzword.com\/fr\/wp-json\/wp\/v2\/tags?post=75830"}],"curies":[{"name":"wp","href":"https:\/\/api.w.org\/{rel}","templated":true}]}}