{"id":75780,"date":"2026-03-14T12:23:58","date_gmt":"2026-03-14T12:23:58","guid":{"rendered":"https:\/\/www.fanzword.com\/?p=75780"},"modified":"2026-03-14T12:23:58","modified_gmt":"2026-03-14T12:23:58","slug":"une-nouvelle-star-choisit-de-representer-le-maroc-plutot-que-la-france","status":"publish","type":"post","link":"https:\/\/www.fanzword.com\/fr\/une-nouvelle-star-choisit-de-representer-le-maroc-plutot-que-la-france\/","title":{"rendered":"Une nouvelle star choisit de repr\u00e9senter le Maroc plut\u00f4t que la France"},"content":{"rendered":"<p>Selon la presse marocaine, une star de Premier League a d\u00e9cid\u00e9 de repr\u00e9senter le Maroc plut\u00f4t que la France.<\/p>\n<p>Il s&rsquo;agit d&rsquo;Issa Diop, la star de Fulham, qui poss\u00e8de les nationalit\u00e9s fran\u00e7aise, s\u00e9n\u00e9galaise et marocaine, mais n&rsquo;a encore jamais port\u00e9 le maillot de l&rsquo;une de ces trois s\u00e9lections nationales.<\/p>\n<p>Il semblerait que des repr\u00e9sentants de la F\u00e9d\u00e9ration Royale Marocaine de Football aient rencontr\u00e9 Diop ces derniers jours pour le convaincre de porter le maillot des Lions de l&rsquo;Atlas pour la prochaine \u00e9tape de sa carri\u00e8re.<\/p>\n<p>Diop, 29 ans, serait enclin \u00e0 accepter l&rsquo;offre marocaine et \u00e0 repr\u00e9senter la nation nord-africaine, m\u00eame si le S\u00e9n\u00e9gal, en particulier, a \u00e9galement manifest\u00e9 un vif int\u00e9r\u00eat pour le joueur.<\/p>\n<p>Diop a d\u00e9j\u00e0 disput\u00e9 six matchs avec l&rsquo;\u00e9quipe de France Espoirs, mais n&rsquo;a jamais \u00e9t\u00e9 s\u00e9lectionn\u00e9 en \u00e9quipe de France A malgr\u00e9 ses performances impressionnantes ces cinq derni\u00e8res ann\u00e9es.<\/p>\n<p>Si la proc\u00e9dure de changement de nationalit\u00e9 sportive est officiellement finalis\u00e9e, le s\u00e9lectionneur Mohamed Wahbi devrait convoquer le joueur pour le prochain stage de pr\u00e9paration.<\/p>\n<p>L&rsquo;\u00e9quipe nationale marocaine se pr\u00e9pare \u00e0 disputer deux matchs amicaux en mars : elle affrontera l&rsquo;\u00e9quipe nationale \u00e9quatorienne le 27 mars en Espagne, puis le Paraguay le 31 mars en France.<\/p>\n","protected":false},"excerpt":{"rendered":"<p>Selon la presse marocaine, une star de Premier League a d\u00e9cid\u00e9 de repr\u00e9senter le Maroc plut\u00f4t que la France. Il s&rsquo;agit d&rsquo;Issa Diop, la star de Fulham, qui poss\u00e8de les nationalit\u00e9s fran\u00e7aise, s\u00e9n\u00e9galaise et marocaine, mais n&rsquo;a encore jamais port\u00e9 le maillot de l&rsquo;une de ces trois s\u00e9lections nationales. Il semblerait que des repr\u00e9sentants de [&hellip;]<\/p>\n","protected":false},"author":2,"featured_media":75775,"comment_status":"closed","ping_status":"closed","sticky":false,"template":"","format":"standard","meta":{"sfio_featured_image":false,"sfio_embed_code":"","footnotes":""},"categories":[254],"tags":[229],"class_list":["post-75780","post","type-post","status-publish","format-standard","has-post-thumbnail","hentry","category-football-arabe","tag-premier-league-fr"],"_links":{"self":[{"href":"https:\/\/www.fanzword.com\/fr\/wp-json\/wp\/v2\/posts\/75780","targetHints":{"allow":["GET"]}}],"collection":[{"href":"https:\/\/www.fanzword.com\/fr\/wp-json\/wp\/v2\/posts"}],"about":[{"href":"https:\/\/www.fanzword.com\/fr\/wp-json\/wp\/v2\/types\/post"}],"author":[{"embeddable":true,"href":"https:\/\/www.fanzword.com\/fr\/wp-json\/wp\/v2\/users\/2"}],"replies":[{"embeddable":true,"href":"https:\/\/www.fanzword.com\/fr\/wp-json\/wp\/v2\/comments?post=75780"}],"version-history":[{"count":1,"href":"https:\/\/www.fanzword.com\/fr\/wp-json\/wp\/v2\/posts\/75780\/revisions"}],"predecessor-version":[{"id":75781,"href":"https:\/\/www.fanzword.com\/fr\/wp-json\/wp\/v2\/posts\/75780\/revisions\/75781"}],"wp:featuredmedia":[{"embeddable":true,"href":"https:\/\/www.fanzword.com\/fr\/wp-json\/wp\/v2\/media\/75775"}],"wp:attachment":[{"href":"https:\/\/www.fanzword.com\/fr\/wp-json\/wp\/v2\/media?parent=75780"}],"wp:term":[{"taxonomy":"category","embeddable":true,"href":"https:\/\/www.fanzword.com\/fr\/wp-json\/wp\/v2\/categories?post=75780"},{"taxonomy":"post_tag","embeddable":true,"href":"https:\/\/www.fanzword.com\/fr\/wp-json\/wp\/v2\/tags?post=75780"}],"curies":[{"name":"wp","href":"https:\/\/api.w.org\/{rel}","templated":true}]}}