{"id":75738,"date":"2026-03-13T17:39:49","date_gmt":"2026-03-13T17:39:49","guid":{"rendered":"https:\/\/www.fanzword.com\/?p=75738"},"modified":"2026-03-13T17:39:49","modified_gmt":"2026-03-13T17:39:49","slug":"le-fc-barcelone-nest-plus-intouchable-il-serait-pret-a-vendre-sa-star","status":"publish","type":"post","link":"https:\/\/www.fanzword.com\/fr\/le-fc-barcelone-nest-plus-intouchable-il-serait-pret-a-vendre-sa-star\/","title":{"rendered":"Le FC Barcelone n&rsquo;est plus \u00ab intouchable \u00bb : il serait pr\u00eat \u00e0 vendre sa star."},"content":{"rendered":"<p>Le journaliste Mateo Moretto a r\u00e9v\u00e9l\u00e9 les plans du FC Barcelone pour le prochain mercato estival, notamment la vente d&rsquo;un de ses joueurs cl\u00e9s \u00e0 la fin de la saison.<\/p>\n<p>Il s&rsquo;agit d&rsquo;Alejandro Bald\u00e9, l&rsquo;arri\u00e8re gauche du Bar\u00e7a, que la direction ne consid\u00e8re plus comme \u00ab intouchable \u00bb, contrairement \u00e0 il y a quelques mois.<\/p>\n<p>Moretto a d\u00e9clar\u00e9 : \u00ab Deco (le directeur sportif) a ses propres id\u00e9es, et notamment des doutes quant \u00e0 l&rsquo;avenir d&rsquo;Alejandro Bald\u00e9. Le FC Barcelone est pr\u00eat \u00e0 \u00e9couter les offres ; Bald\u00e9 n&rsquo;est plus intouchable. \u00bb<\/p>\n<p>Il a ajout\u00e9 : \u00ab C&rsquo;est un peu comme la situation de Camavinga au Real Madrid ; Alejandro Bald\u00e9 pourrait partir si une bonne offre financi\u00e8re arrive. \u00bb<\/p>\n<p>Le journaliste renomm\u00e9 de Radio Marca a expliqu\u00e9 que le Paris Saint-Germain \u00e9tait le club le plus int\u00e9ress\u00e9 par Bald\u00e9 il y a deux ans, et cet int\u00e9r\u00eat devrait se raviver une fois sa situation clarifi\u00e9e l&rsquo;\u00e9t\u00e9 prochain.<\/p>\n<p>Nul n&rsquo;ignore que Barcelone a besoin d&rsquo;au moins une vente l&rsquo;\u00e9t\u00e9 prochain pour financer ses transferts, et il semblerait que Bald\u00e9 soit le joueur concern\u00e9.<\/p>\n<p>Bald\u00e9 a \u00e9t\u00e9 un \u00e9l\u00e9ment cl\u00e9 au poste d&rsquo;arri\u00e8re gauche cette saison, mais il est actuellement indisponible en raison d&rsquo;une blessure aux ischio-jambiers et son retour n&rsquo;est pas pr\u00e9vu avant la tr\u00eave internationale.<\/p>\n","protected":false},"excerpt":{"rendered":"<p>Le journaliste Mateo Moretto a r\u00e9v\u00e9l\u00e9 les plans du FC Barcelone pour le prochain mercato estival, notamment la vente d&rsquo;un de ses joueurs cl\u00e9s \u00e0 la fin de la saison. Il s&rsquo;agit d&rsquo;Alejandro Bald\u00e9, l&rsquo;arri\u00e8re gauche du Bar\u00e7a, que la direction ne consid\u00e8re plus comme \u00ab intouchable \u00bb, contrairement \u00e0 il y a quelques mois. [&hellip;]<\/p>\n","protected":false},"author":2,"featured_media":75733,"comment_status":"closed","ping_status":"closed","sticky":false,"template":"","format":"standard","meta":{"sfio_featured_image":false,"sfio_embed_code":"","footnotes":""},"categories":[221],"tags":[],"class_list":["post-75738","post","type-post","status-publish","format-standard","has-post-thumbnail","hentry","category-barcelona-fr"],"_links":{"self":[{"href":"https:\/\/www.fanzword.com\/fr\/wp-json\/wp\/v2\/posts\/75738","targetHints":{"allow":["GET"]}}],"collection":[{"href":"https:\/\/www.fanzword.com\/fr\/wp-json\/wp\/v2\/posts"}],"about":[{"href":"https:\/\/www.fanzword.com\/fr\/wp-json\/wp\/v2\/types\/post"}],"author":[{"embeddable":true,"href":"https:\/\/www.fanzword.com\/fr\/wp-json\/wp\/v2\/users\/2"}],"replies":[{"embeddable":true,"href":"https:\/\/www.fanzword.com\/fr\/wp-json\/wp\/v2\/comments?post=75738"}],"version-history":[{"count":1,"href":"https:\/\/www.fanzword.com\/fr\/wp-json\/wp\/v2\/posts\/75738\/revisions"}],"predecessor-version":[{"id":75739,"href":"https:\/\/www.fanzword.com\/fr\/wp-json\/wp\/v2\/posts\/75738\/revisions\/75739"}],"wp:featuredmedia":[{"embeddable":true,"href":"https:\/\/www.fanzword.com\/fr\/wp-json\/wp\/v2\/media\/75733"}],"wp:attachment":[{"href":"https:\/\/www.fanzword.com\/fr\/wp-json\/wp\/v2\/media?parent=75738"}],"wp:term":[{"taxonomy":"category","embeddable":true,"href":"https:\/\/www.fanzword.com\/fr\/wp-json\/wp\/v2\/categories?post=75738"},{"taxonomy":"post_tag","embeddable":true,"href":"https:\/\/www.fanzword.com\/fr\/wp-json\/wp\/v2\/tags?post=75738"}],"curies":[{"name":"wp","href":"https:\/\/api.w.org\/{rel}","templated":true}]}}