{"id":75728,"date":"2026-03-13T16:51:21","date_gmt":"2026-03-13T16:51:21","guid":{"rendered":"https:\/\/www.fanzword.com\/?p=75728"},"modified":"2026-03-13T16:51:21","modified_gmt":"2026-03-13T16:51:21","slug":"mendy-blesse-le-real-madrid-confirme-son-absence","status":"publish","type":"post","link":"https:\/\/www.fanzword.com\/fr\/mendy-blesse-le-real-madrid-confirme-son-absence\/","title":{"rendered":"Mendy bless\u00e9\u00a0; le Real Madrid confirme son absence"},"content":{"rendered":"<p>Le Real Madrid a annonc\u00e9 dans un communiqu\u00e9 officiel que le v\u00e9t\u00e9ran Ferland Mendy souffre d&rsquo;une blessure aux ischio-jambiers, qui le tiendra \u00e9loign\u00e9 des terrains pendant un certain temps.<\/p>\n<p>Le communiqu\u00e9 pr\u00e9cise\u00a0: \u00ab\u00a0Suite aux examens effectu\u00e9s par les services m\u00e9dicaux du Real Madrid sur notre joueur Ferland Mendy, une blessure aux ischio-jambiers de la jambe droite a \u00e9t\u00e9 diagnostiqu\u00e9e. Son r\u00e9tablissement sera suivi de pr\u00e8s.\u00bb<\/p>\n<p>Mendy s&rsquo;est bless\u00e9 lors du r\u00e9cent match du Real Madrid contre Manchester City. Titulaire au poste d&rsquo;arri\u00e8re gauche pour pallier l&rsquo;absence d&rsquo;\u00c1lvaro Carreras, bless\u00e9, le Fran\u00e7ais de 30\u00a0ans a d\u00fb quitter le terrain \u00e0 la 47e\u00a0minute en raison de cette blessure.<\/p>\n<p>Bien que le club n&rsquo;ait pas communiqu\u00e9 de date de retour pr\u00e9cise pour Mendy, les informations indiquent qu&rsquo;il sera absent entre une et trois semaines.<\/p>\n<p>Par cons\u00e9quent, il manquera le match de Liga de samedi contre Elche, ainsi que le match retour contre Manchester City \u00e0 l&rsquo;Etihad Stadium la semaine prochaine.<\/p>\n","protected":false},"excerpt":{"rendered":"<p>Le Real Madrid a annonc\u00e9 dans un communiqu\u00e9 officiel que le v\u00e9t\u00e9ran Ferland Mendy souffre d&rsquo;une blessure aux ischio-jambiers, qui le tiendra \u00e9loign\u00e9 des terrains pendant un certain temps. Le communiqu\u00e9 pr\u00e9cise\u00a0: \u00ab\u00a0Suite aux examens effectu\u00e9s par les services m\u00e9dicaux du Real Madrid sur notre joueur Ferland Mendy, une blessure aux ischio-jambiers de la jambe [&hellip;]<\/p>\n","protected":false},"author":2,"featured_media":75724,"comment_status":"closed","ping_status":"closed","sticky":false,"template":"","format":"standard","meta":{"sfio_featured_image":false,"sfio_embed_code":"","footnotes":""},"categories":[220,222],"tags":[],"class_list":["post-75728","post","type-post","status-publish","format-standard","has-post-thumbnail","hentry","category-la-liga-fr","category-real-madrid-fr"],"_links":{"self":[{"href":"https:\/\/www.fanzword.com\/fr\/wp-json\/wp\/v2\/posts\/75728","targetHints":{"allow":["GET"]}}],"collection":[{"href":"https:\/\/www.fanzword.com\/fr\/wp-json\/wp\/v2\/posts"}],"about":[{"href":"https:\/\/www.fanzword.com\/fr\/wp-json\/wp\/v2\/types\/post"}],"author":[{"embeddable":true,"href":"https:\/\/www.fanzword.com\/fr\/wp-json\/wp\/v2\/users\/2"}],"replies":[{"embeddable":true,"href":"https:\/\/www.fanzword.com\/fr\/wp-json\/wp\/v2\/comments?post=75728"}],"version-history":[{"count":1,"href":"https:\/\/www.fanzword.com\/fr\/wp-json\/wp\/v2\/posts\/75728\/revisions"}],"predecessor-version":[{"id":75729,"href":"https:\/\/www.fanzword.com\/fr\/wp-json\/wp\/v2\/posts\/75728\/revisions\/75729"}],"wp:featuredmedia":[{"embeddable":true,"href":"https:\/\/www.fanzword.com\/fr\/wp-json\/wp\/v2\/media\/75724"}],"wp:attachment":[{"href":"https:\/\/www.fanzword.com\/fr\/wp-json\/wp\/v2\/media?parent=75728"}],"wp:term":[{"taxonomy":"category","embeddable":true,"href":"https:\/\/www.fanzword.com\/fr\/wp-json\/wp\/v2\/categories?post=75728"},{"taxonomy":"post_tag","embeddable":true,"href":"https:\/\/www.fanzword.com\/fr\/wp-json\/wp\/v2\/tags?post=75728"}],"curies":[{"name":"wp","href":"https:\/\/api.w.org\/{rel}","templated":true}]}}