{"id":75708,"date":"2026-03-13T11:54:15","date_gmt":"2026-03-13T11:54:15","guid":{"rendered":"https:\/\/www.fanzword.com\/?p=75708"},"modified":"2026-03-13T11:54:15","modified_gmt":"2026-03-13T11:54:15","slug":"bonne-nouvelle-arbeloa-annonce-la-date-de-retour-de-mbappe","status":"publish","type":"post","link":"https:\/\/www.fanzword.com\/fr\/bonne-nouvelle-arbeloa-annonce-la-date-de-retour-de-mbappe\/","title":{"rendered":"Bonne nouvelle\u2026 Arbeloa annonce la date de retour de Mbapp\u00e9"},"content":{"rendered":"<p>L&rsquo;entra\u00eeneur du Real Madrid, Alvaro Arbeloa, a confirm\u00e9 que Kylian Mbapp\u00e9 sera pr\u00eat \u00e0 disputer le match retour des huiti\u00e8mes de finale de la Ligue des Champions contre Manchester City.<\/p>\n<p>La star fran\u00e7aise est absente des terrains depuis pr\u00e8s d&rsquo;un mois suite \u00e0 une blessure au genou qui a n\u00e9cessit\u00e9 un repos complet afin d&rsquo;\u00e9viter toute aggravation et une intervention chirurgicale.<\/p>\n<p>Les informations concernant le retour de Mbapp\u00e9 \u00e9taient contradictoires, certains journaux fran\u00e7ais \u00e9voquant une absence au moins jusqu&rsquo;en avril.<\/p>\n<p>Vendredi, lors de la conf\u00e9rence de presse d&rsquo;avant-match contre Elche, Arbeloa a r\u00e9pondu aux questions des journalistes concernant la date de retour pr\u00e9vue de Mbapp\u00e9, ravissant sans aucun doute les supporters du Real Madrid.<\/p>\n<p>\u00ab Mbapp\u00e9 se porte tr\u00e8s bien \u00bb, a d\u00e9clar\u00e9 Arbeloa. \u00ab Il ne sera pas disponible demain (contre Elche), mais nous sommes confiants quant \u00e0 sa participation au d\u00e9placement \u00e0 Manchester. \u00bb<\/p>\n<p>Il a ajout\u00e9 : \u00ab Nous verrons comment il se sent \u00e0 l&rsquo;entra\u00eenement et nous prendrons la d\u00e9cision finale dimanche. \u00bb<\/p>\n<p>Le Real Madrid a facilement dispos\u00e9 de Manchester City (3-0) lors du match aller au Santiago Bernab\u00e9u, gr\u00e2ce \u00e0 un tripl\u00e9 de Fede Valverde, avant de se d\u00e9placer \u00e0 l&rsquo;Etihad Stadium mardi prochain pour le match retour.<\/p>\n<p>\u00c0 noter que Kylian Mbapp\u00e9, 26 ans, a disput\u00e9 33 matchs avec le Real Madrid cette saison, inscrivant 38 buts et d\u00e9livrant 6 passes d\u00e9cisives.<\/p>\n","protected":false},"excerpt":{"rendered":"<p>L&rsquo;entra\u00eeneur du Real Madrid, Alvaro Arbeloa, a confirm\u00e9 que Kylian Mbapp\u00e9 sera pr\u00eat \u00e0 disputer le match retour des huiti\u00e8mes de finale de la Ligue des Champions contre Manchester City. La star fran\u00e7aise est absente des terrains depuis pr\u00e8s d&rsquo;un mois suite \u00e0 une blessure au genou qui a n\u00e9cessit\u00e9 un repos complet afin d&rsquo;\u00e9viter [&hellip;]<\/p>\n","protected":false},"author":2,"featured_media":75704,"comment_status":"closed","ping_status":"closed","sticky":false,"template":"","format":"standard","meta":{"sfio_featured_image":false,"sfio_embed_code":"","footnotes":""},"categories":[220,222],"tags":[],"class_list":["post-75708","post","type-post","status-publish","format-standard","has-post-thumbnail","hentry","category-la-liga-fr","category-real-madrid-fr"],"_links":{"self":[{"href":"https:\/\/www.fanzword.com\/fr\/wp-json\/wp\/v2\/posts\/75708","targetHints":{"allow":["GET"]}}],"collection":[{"href":"https:\/\/www.fanzword.com\/fr\/wp-json\/wp\/v2\/posts"}],"about":[{"href":"https:\/\/www.fanzword.com\/fr\/wp-json\/wp\/v2\/types\/post"}],"author":[{"embeddable":true,"href":"https:\/\/www.fanzword.com\/fr\/wp-json\/wp\/v2\/users\/2"}],"replies":[{"embeddable":true,"href":"https:\/\/www.fanzword.com\/fr\/wp-json\/wp\/v2\/comments?post=75708"}],"version-history":[{"count":1,"href":"https:\/\/www.fanzword.com\/fr\/wp-json\/wp\/v2\/posts\/75708\/revisions"}],"predecessor-version":[{"id":75709,"href":"https:\/\/www.fanzword.com\/fr\/wp-json\/wp\/v2\/posts\/75708\/revisions\/75709"}],"wp:featuredmedia":[{"embeddable":true,"href":"https:\/\/www.fanzword.com\/fr\/wp-json\/wp\/v2\/media\/75704"}],"wp:attachment":[{"href":"https:\/\/www.fanzword.com\/fr\/wp-json\/wp\/v2\/media?parent=75708"}],"wp:term":[{"taxonomy":"category","embeddable":true,"href":"https:\/\/www.fanzword.com\/fr\/wp-json\/wp\/v2\/categories?post=75708"},{"taxonomy":"post_tag","embeddable":true,"href":"https:\/\/www.fanzword.com\/fr\/wp-json\/wp\/v2\/tags?post=75708"}],"curies":[{"name":"wp","href":"https:\/\/api.w.org\/{rel}","templated":true}]}}