{"id":75636,"date":"2026-03-12T14:14:47","date_gmt":"2026-03-12T14:14:47","guid":{"rendered":"https:\/\/www.fanzword.com\/?p=75636"},"modified":"2026-04-04T08:03:31","modified_gmt":"2026-04-04T08:03:31","slug":"yamal-blesse-forfait-pour-lentrainement-du-fc-barcelone-avant-le-match-contre-seville","status":"publish","type":"post","link":"https:\/\/www.fanzword.com\/fr\/yamal-blesse-forfait-pour-lentrainement-du-fc-barcelone-avant-le-match-contre-seville\/","title":{"rendered":"Yamal bless\u00e9, forfait pour l&rsquo;entra\u00eenement du FC Barcelone avant le match contre S\u00e9ville"},"content":{"rendered":"<p>Lamine Yamal a \u00e9t\u00e9 d\u00e9clar\u00e9 forfait pour l&#8217;entra\u00eenement du FC Barcelone avant le match crucial contre le FC S\u00e9ville en Liga. La jeune star espagnole souffre d&#8217;une g\u00eane physique qui l&#8217;a emp\u00each\u00e9 de s&#8217;entra\u00eener normalement avec le reste du groupe.<\/p>\n<h2>La nature de la blessure de Yamal<\/h2>\n<p>Selon les informations du club, Yamal ressent une g\u00eane musculaire qui n\u00e9cessite des pr\u00e9cautions. Le staff m\u00e9dical du Bar\u00e7a a d\u00e9cid\u00e9 de le m\u00e9nager \u00e0 l&#8217;entra\u00eenement pour \u00e9viter tout risque d&#8217;aggravation.<\/p>\n<p>Hansi Flick a indiqu\u00e9 en conf\u00e9rence de presse que la situation serait \u00e9valu\u00e9e au jour le jour, sans donner de garantie sur sa participation au match contre S\u00e9ville.<\/p>\n<h2>L&#8217;impact de son absence sur Barcelone<\/h2>\n<p>L&#8217;absence de Yamal serait un coup dur pour le Bar\u00e7a. L&#8217;ailier de 17 ans est l&#8217;un des joueurs les plus d\u00e9cisifs de l&#8217;\u00e9quipe cette saison, avec ses dribbles percutants et sa capacit\u00e9 \u00e0 cr\u00e9er des occasions de but.<\/p>\n<p>Sans Yamal, Flick devrait r\u00e9organiser son attaque, probablement en faisant appel \u00e0 des rempla\u00e7ants qui n&#8217;offrent pas la m\u00eame menace offensive. L&#8217;\u00e9quilibre tactique du Bar\u00e7a repose en grande partie sur la pr\u00e9sence de Yamal sur le flanc droit.<\/p>\n<h2>Le calendrier charg\u00e9 du FC Barcelone<\/h2>\n<p>Le Bar\u00e7a fait face \u00e0 une s\u00e9rie de matchs importants dans les semaines \u00e0 venir, entre la Liga et la Ligue des Champions. La gestion physique de Yamal est essentielle pour le club, qui ne peut pas se permettre de perdre son jeune prodige pour une longue p\u00e9riode.<\/p>\n<p>Le club a appris de ses erreurs pass\u00e9es en mati\u00e8re de gestion des blessures et adopte d\u00e9sormais une approche plus prudente avec ses jeunes joueurs.<\/p>\n<h2>Quand Yamal pourrait-il revenir ?<\/h2>\n<p>Si la blessure n&#8217;est qu&#8217;une g\u00eane mineure, Yamal pourrait \u00eatre disponible pour le match suivant. En revanche, si les examens r\u00e9v\u00e8lent quelque chose de plus s\u00e9rieux, une absence de plusieurs matchs n&#8217;est pas \u00e0 exclure.<\/p>\n<p>Pour suivre l&#8217;actualit\u00e9 de Yamal et du FC Barcelone, t\u00e9l\u00e9chargez l&#8217;application <a href=\"https:\/\/app.fanzword.com\/dl\/HomePage\" rel=\"nofollow noopener\" target=\"_blank\">Fanzword<\/a>.<\/p>\n<h2>Cons\u00e9quences pour le FC Barcelone<\/h2>\n<p>L&rsquo;absence de Lamine Yamal repr\u00e9sente un coup dur pour le FC Barcelone \u00e0 un moment crucial de la saison. Le jeune prodige espagnol, devenu \u00e0 seulement 17 ans l&rsquo;un des joueurs les plus d\u00e9cisifs de l&rsquo;effectif, est irrempla\u00e7able dans le syst\u00e8me offensif d&rsquo;Hansi Flick.<\/p>\n<h2>Les alternatives de Flick sans Yamal<\/h2>\n<p>L&rsquo;entra\u00eeneur allemand devra adapter son syst\u00e8me tactique pour compenser l&rsquo;absence de Yamal. Plusieurs options s&rsquo;offrent \u00e0 lui, dont le repositionnement de Raphinha sur le flanc droit ou l&rsquo;utilisation de Ferran Torres en tant que titulaire. Chaque option comporte ses avantages et inconv\u00e9nients tactiques.<\/p>\n","protected":false},"excerpt":{"rendered":"<p>Lamine Yamal a \u00e9t\u00e9 d\u00e9clar\u00e9 forfait pour l&#8217;entra\u00eenement du FC Barcelone avant le match crucial contre le FC S\u00e9ville en Liga. La jeune star espagnole souffre d&#8217;une g\u00eane physique qui l&#8217;a emp\u00each\u00e9 de s&#8217;entra\u00eener normalement avec le reste du groupe. La nature de la blessure de Yamal Selon les informations du club, Yamal ressent une [&hellip;]<\/p>\n","protected":false},"author":2,"featured_media":75631,"comment_status":"closed","ping_status":"closed","sticky":false,"template":"","format":"standard","meta":{"sfio_featured_image":false,"sfio_embed_code":"","footnotes":""},"categories":[221],"tags":[312,231,293],"class_list":["post-75636","post","type-post","status-publish","format-standard","has-post-thumbnail","hentry","category-barcelona-fr","tag-injury-update","tag-la-liga","tag-yamal"],"_links":{"self":[{"href":"https:\/\/www.fanzword.com\/fr\/wp-json\/wp\/v2\/posts\/75636","targetHints":{"allow":["GET"]}}],"collection":[{"href":"https:\/\/www.fanzword.com\/fr\/wp-json\/wp\/v2\/posts"}],"about":[{"href":"https:\/\/www.fanzword.com\/fr\/wp-json\/wp\/v2\/types\/post"}],"author":[{"embeddable":true,"href":"https:\/\/www.fanzword.com\/fr\/wp-json\/wp\/v2\/users\/2"}],"replies":[{"embeddable":true,"href":"https:\/\/www.fanzword.com\/fr\/wp-json\/wp\/v2\/comments?post=75636"}],"version-history":[{"count":3,"href":"https:\/\/www.fanzword.com\/fr\/wp-json\/wp\/v2\/posts\/75636\/revisions"}],"predecessor-version":[{"id":78190,"href":"https:\/\/www.fanzword.com\/fr\/wp-json\/wp\/v2\/posts\/75636\/revisions\/78190"}],"wp:featuredmedia":[{"embeddable":true,"href":"https:\/\/www.fanzword.com\/fr\/wp-json\/wp\/v2\/media\/75631"}],"wp:attachment":[{"href":"https:\/\/www.fanzword.com\/fr\/wp-json\/wp\/v2\/media?parent=75636"}],"wp:term":[{"taxonomy":"category","embeddable":true,"href":"https:\/\/www.fanzword.com\/fr\/wp-json\/wp\/v2\/categories?post=75636"},{"taxonomy":"post_tag","embeddable":true,"href":"https:\/\/www.fanzword.com\/fr\/wp-json\/wp\/v2\/tags?post=75636"}],"curies":[{"name":"wp","href":"https:\/\/api.w.org\/{rel}","templated":true}]}}