{"id":75626,"date":"2026-03-12T14:11:52","date_gmt":"2026-03-12T14:11:52","guid":{"rendered":"https:\/\/www.fanzword.com\/?p=75626"},"modified":"2026-03-12T14:11:52","modified_gmt":"2026-03-12T14:11:52","slug":"tchouameni-et-mendy-seront-ils-aptes-pour-le-prochain-match-contre-manchester-city","status":"publish","type":"post","link":"https:\/\/www.fanzword.com\/fr\/tchouameni-et-mendy-seront-ils-aptes-pour-le-prochain-match-contre-manchester-city\/","title":{"rendered":"Tchouam\u00e9ni et Mendy seront-ils aptes pour le prochain match contre Manchester City ?"},"content":{"rendered":"<p>Les supporters du Real Madrid \u00e9taient inquiets apr\u00e8s les blessures d&rsquo;Aur\u00e9lien Tchouam\u00e9ni et de Ferland Mendy, survenues mercredi lors du match aller des huiti\u00e8mes de finale de la Ligue des Champions face \u00e0 Manchester City.<\/p>\n<p>Mendy a d\u00fb quitter le terrain \u00e0 la mi-temps, remplac\u00e9 par Fran Garc\u00eda, tandis que Tchouam\u00e9ni a jou\u00e9 l&rsquo;int\u00e9gralit\u00e9 de la rencontre, mais a d\u00fb sortir en raison de douleurs musculaires visibles.<\/p>\n<p>L&rsquo;inqui\u00e9tude s&rsquo;est accrue apr\u00e8s les propos d&rsquo;\u00c1lvaro Arbeloa concernant la blessure de Mendy, laissant entendre qu&rsquo;elle ne semblait pas bonne.<\/p>\n<p>Cependant, selon AS, Mendy a pass\u00e9 des examens m\u00e9dicaux jeudi matin, qui ont r\u00e9v\u00e9l\u00e9 qu&rsquo;il ne souffrait pas d&rsquo;une blessure grave et qu&rsquo;il avait simplement besoin de repos.<\/p>\n<p>Il en va de m\u00eame pour Tchouam\u00e9ni, qui devrait \u00eatre apte pour le prochain match de Liga contre Elche, pr\u00e9vu samedi prochain.<\/p>\n<p>Mendy sera m\u00e9nag\u00e9 par pr\u00e9caution pour le match contre Elche, avec l&rsquo;espoir qu&rsquo;il se r\u00e9tablisse compl\u00e8tement et soit disponible pour la rencontre face \u00e0 City \u00e0 l&rsquo;Etihad Stadium mardi prochain.<\/p>\n<p>\u00c0 noter que le Real Madrid devrait \u00e9galement pouvoir compter sur le retour d&rsquo;\u00c1lvaro Carreras pour le match retour, tandis que la participation de Kylian Mbapp\u00e9 et de Jude Bellingham face \u00e0 l&rsquo;\u00e9quipe de Pep Guardiola reste incertaine.<\/p>\n","protected":false},"excerpt":{"rendered":"<p>Les supporters du Real Madrid \u00e9taient inquiets apr\u00e8s les blessures d&rsquo;Aur\u00e9lien Tchouam\u00e9ni et de Ferland Mendy, survenues mercredi lors du match aller des huiti\u00e8mes de finale de la Ligue des Champions face \u00e0 Manchester City. Mendy a d\u00fb quitter le terrain \u00e0 la mi-temps, remplac\u00e9 par Fran Garc\u00eda, tandis que Tchouam\u00e9ni a jou\u00e9 l&rsquo;int\u00e9gralit\u00e9 de [&hellip;]<\/p>\n","protected":false},"author":2,"featured_media":75622,"comment_status":"closed","ping_status":"closed","sticky":false,"template":"","format":"standard","meta":{"sfio_featured_image":false,"sfio_embed_code":"","footnotes":""},"categories":[251,222],"tags":[],"class_list":["post-75626","post","type-post","status-publish","format-standard","has-post-thumbnail","hentry","category-ligue-des-champions","category-real-madrid-fr"],"_links":{"self":[{"href":"https:\/\/www.fanzword.com\/fr\/wp-json\/wp\/v2\/posts\/75626","targetHints":{"allow":["GET"]}}],"collection":[{"href":"https:\/\/www.fanzword.com\/fr\/wp-json\/wp\/v2\/posts"}],"about":[{"href":"https:\/\/www.fanzword.com\/fr\/wp-json\/wp\/v2\/types\/post"}],"author":[{"embeddable":true,"href":"https:\/\/www.fanzword.com\/fr\/wp-json\/wp\/v2\/users\/2"}],"replies":[{"embeddable":true,"href":"https:\/\/www.fanzword.com\/fr\/wp-json\/wp\/v2\/comments?post=75626"}],"version-history":[{"count":1,"href":"https:\/\/www.fanzword.com\/fr\/wp-json\/wp\/v2\/posts\/75626\/revisions"}],"predecessor-version":[{"id":75627,"href":"https:\/\/www.fanzword.com\/fr\/wp-json\/wp\/v2\/posts\/75626\/revisions\/75627"}],"wp:featuredmedia":[{"embeddable":true,"href":"https:\/\/www.fanzword.com\/fr\/wp-json\/wp\/v2\/media\/75622"}],"wp:attachment":[{"href":"https:\/\/www.fanzword.com\/fr\/wp-json\/wp\/v2\/media?parent=75626"}],"wp:term":[{"taxonomy":"category","embeddable":true,"href":"https:\/\/www.fanzword.com\/fr\/wp-json\/wp\/v2\/categories?post=75626"},{"taxonomy":"post_tag","embeddable":true,"href":"https:\/\/www.fanzword.com\/fr\/wp-json\/wp\/v2\/tags?post=75626"}],"curies":[{"name":"wp","href":"https:\/\/api.w.org\/{rel}","templated":true}]}}