{"id":75617,"date":"2026-03-12T14:08:32","date_gmt":"2026-03-12T14:08:32","guid":{"rendered":"https:\/\/www.fanzword.com\/?p=75617"},"modified":"2026-03-12T14:08:32","modified_gmt":"2026-03-12T14:08:32","slug":"victor-font-oeuvre-secretement-pour-convaincre-erling-haaland-de-rejoindre-barcelone","status":"publish","type":"post","link":"https:\/\/www.fanzword.com\/fr\/victor-font-oeuvre-secretement-pour-convaincre-erling-haaland-de-rejoindre-barcelone\/","title":{"rendered":"Victor Font \u0153uvre secr\u00e8tement pour convaincre Erling Haaland de rejoindre Barcelone"},"content":{"rendered":"<p>Selon Sport, plusieurs membres de l&rsquo;\u00e9quipe sportive de Victor Font, candidat \u00e0 la pr\u00e9sidence du FC Barcelone, ont rencontr\u00e9 des repr\u00e9sentants de Manchester City pour discuter de la possibilit\u00e9 de recruter Haaland.<\/p>\n<p>Font est en lice contre Joan Laporta pour la pr\u00e9sidence du club catalan lors des \u00e9lections pr\u00e9vues la semaine prochaine.<\/p>\n<p>Font poursuit ses efforts pour s\u00e9duire les supporters du Bar\u00e7a, notamment avec une rencontre r\u00e9cente entre son \u00e9quipe et la direction de Manchester City, alors que le club anglais \u00e9tait \u00e0 Madrid pour affronter le Real Madrid en Ligue des Champions.<\/p>\n<p>Sport rapporte que Claes Blanchard et Javier Aguilar ont tenu des r\u00e9unions secr\u00e8tes avec le PDG de City, Ferran Soriano, et le directeur sportif, Hugo Viana.<\/p>\n<p>Au c\u0153ur des discussions entre les deux parties se trouvait le possible transfert d&rsquo;Erling Haaland \u00e0 Barcelone si le Norv\u00e9gien acceptait de r\u00e9silier son contrat avec Manchester City avant son expiration \u00e0 l&rsquo;\u00e9t\u00e9 2034.<\/p>\n<p>Cette information intervient alors que d&rsquo;autres rumeurs indiquent que le pr\u00e9sident du Real Madrid, Florentino P\u00e9rez, serait \u00e9galement d\u00e9sireux de recruter Haaland, mais \u00e0 la seule condition que Vinicius Junior quitte les Merengues l&rsquo;\u00e9t\u00e9 prochain.<\/p>\n","protected":false},"excerpt":{"rendered":"<p>Selon Sport, plusieurs membres de l&rsquo;\u00e9quipe sportive de Victor Font, candidat \u00e0 la pr\u00e9sidence du FC Barcelone, ont rencontr\u00e9 des repr\u00e9sentants de Manchester City pour discuter de la possibilit\u00e9 de recruter Haaland. Font est en lice contre Joan Laporta pour la pr\u00e9sidence du club catalan lors des \u00e9lections pr\u00e9vues la semaine prochaine. Font poursuit ses [&hellip;]<\/p>\n","protected":false},"author":2,"featured_media":75612,"comment_status":"closed","ping_status":"closed","sticky":false,"template":"","format":"standard","meta":{"sfio_featured_image":false,"sfio_embed_code":"","footnotes":""},"categories":[221],"tags":[],"class_list":["post-75617","post","type-post","status-publish","format-standard","has-post-thumbnail","hentry","category-barcelona-fr"],"_links":{"self":[{"href":"https:\/\/www.fanzword.com\/fr\/wp-json\/wp\/v2\/posts\/75617","targetHints":{"allow":["GET"]}}],"collection":[{"href":"https:\/\/www.fanzword.com\/fr\/wp-json\/wp\/v2\/posts"}],"about":[{"href":"https:\/\/www.fanzword.com\/fr\/wp-json\/wp\/v2\/types\/post"}],"author":[{"embeddable":true,"href":"https:\/\/www.fanzword.com\/fr\/wp-json\/wp\/v2\/users\/2"}],"replies":[{"embeddable":true,"href":"https:\/\/www.fanzword.com\/fr\/wp-json\/wp\/v2\/comments?post=75617"}],"version-history":[{"count":1,"href":"https:\/\/www.fanzword.com\/fr\/wp-json\/wp\/v2\/posts\/75617\/revisions"}],"predecessor-version":[{"id":75618,"href":"https:\/\/www.fanzword.com\/fr\/wp-json\/wp\/v2\/posts\/75617\/revisions\/75618"}],"wp:featuredmedia":[{"embeddable":true,"href":"https:\/\/www.fanzword.com\/fr\/wp-json\/wp\/v2\/media\/75612"}],"wp:attachment":[{"href":"https:\/\/www.fanzword.com\/fr\/wp-json\/wp\/v2\/media?parent=75617"}],"wp:term":[{"taxonomy":"category","embeddable":true,"href":"https:\/\/www.fanzword.com\/fr\/wp-json\/wp\/v2\/categories?post=75617"},{"taxonomy":"post_tag","embeddable":true,"href":"https:\/\/www.fanzword.com\/fr\/wp-json\/wp\/v2\/tags?post=75617"}],"curies":[{"name":"wp","href":"https:\/\/api.w.org\/{rel}","templated":true}]}}