{"id":75607,"date":"2026-03-12T14:05:14","date_gmt":"2026-03-12T14:05:14","guid":{"rendered":"https:\/\/www.fanzword.com\/?p=75607"},"modified":"2026-03-12T14:05:14","modified_gmt":"2026-03-12T14:05:14","slug":"zidane-fier-de-valverde-reagit-a-un-possible-retour-au-real-madrid","status":"publish","type":"post","link":"https:\/\/www.fanzword.com\/fr\/zidane-fier-de-valverde-reagit-a-un-possible-retour-au-real-madrid\/","title":{"rendered":"Zidane, \u00ab Fier de Valverde \u00bb, r\u00e9agit \u00e0 un possible retour au Real Madrid"},"content":{"rendered":"<p>La l\u00e9gende du Real Madrid, Zin\u00e9dine Zidane, \u00e9tait pr\u00e9sente au stade Santiago Bernab\u00e9u lors de la victoire \u00e9crasante des Merengues face \u00e0 Manchester City (3-0) en huiti\u00e8me de finale aller de la Ligue des Champions.<\/p>\n<p>La pr\u00e9sence de Zidane au Bernab\u00e9u a suscit\u00e9 de nombreuses interrogations quant \u00e0 un possible retour au club madril\u00e8ne en tant qu&rsquo;entra\u00eeneur, notamment au vu des rumeurs le d\u00e9signant comme le candidat id\u00e9al de Florentino P\u00e9rez pour succ\u00e9der \u00e0 \u00c1lvaro Arbeloa la saison prochaine.<\/p>\n<p>Apr\u00e8s le match, plusieurs journalistes ont interpell\u00e9 Zidane au sujet du tripl\u00e9 de Fede Valverde. Il a r\u00e9pondu : \u00ab Je suis fier de ce qu&rsquo;a fait Valverde. Je suis tr\u00e8s heureux pour lui. \u00bb<\/p>\n<p>Relanc\u00e9 sur la possibilit\u00e9 d&rsquo;un retour au Real Madrid, Zidane a simplement ri et d\u00e9clar\u00e9 : \u00ab Il n&rsquo;y a rien de tout cela, absolument rien. \u00bb<\/p>\n<p>Il avait \u00e9t\u00e9 pr\u00e9c\u00e9demment rapport\u00e9 par les m\u00e9dias que Zidane avait conclu un accord avec la F\u00e9d\u00e9ration Fran\u00e7aise de Football pour entra\u00eener l&rsquo;\u00e9quipe de France apr\u00e8s le d\u00e9part de Didier Deschamps \u00e0 l&rsquo;issue de la Coupe du Monde 2026.<\/p>\n<p>Suite \u00e0 la victoire d&rsquo;Arbeloa contre Manchester City, ses chances de rester au Real Madrid la saison prochaine se sont accrues. Parall\u00e8lement, la direction de Florentino P\u00e9rez \u00e9tudie toutes les options, y compris celles d&rsquo;Unai Emery et de Mauricio Pochettino.<\/p>\n","protected":false},"excerpt":{"rendered":"<p>La l\u00e9gende du Real Madrid, Zin\u00e9dine Zidane, \u00e9tait pr\u00e9sente au stade Santiago Bernab\u00e9u lors de la victoire \u00e9crasante des Merengues face \u00e0 Manchester City (3-0) en huiti\u00e8me de finale aller de la Ligue des Champions. La pr\u00e9sence de Zidane au Bernab\u00e9u a suscit\u00e9 de nombreuses interrogations quant \u00e0 un possible retour au club madril\u00e8ne en [&hellip;]<\/p>\n","protected":false},"author":2,"featured_media":75602,"comment_status":"closed","ping_status":"closed","sticky":false,"template":"","format":"standard","meta":{"sfio_featured_image":false,"sfio_embed_code":"","footnotes":""},"categories":[220,222],"tags":[],"class_list":["post-75607","post","type-post","status-publish","format-standard","has-post-thumbnail","hentry","category-la-liga-fr","category-real-madrid-fr"],"_links":{"self":[{"href":"https:\/\/www.fanzword.com\/fr\/wp-json\/wp\/v2\/posts\/75607","targetHints":{"allow":["GET"]}}],"collection":[{"href":"https:\/\/www.fanzword.com\/fr\/wp-json\/wp\/v2\/posts"}],"about":[{"href":"https:\/\/www.fanzword.com\/fr\/wp-json\/wp\/v2\/types\/post"}],"author":[{"embeddable":true,"href":"https:\/\/www.fanzword.com\/fr\/wp-json\/wp\/v2\/users\/2"}],"replies":[{"embeddable":true,"href":"https:\/\/www.fanzword.com\/fr\/wp-json\/wp\/v2\/comments?post=75607"}],"version-history":[{"count":1,"href":"https:\/\/www.fanzword.com\/fr\/wp-json\/wp\/v2\/posts\/75607\/revisions"}],"predecessor-version":[{"id":75608,"href":"https:\/\/www.fanzword.com\/fr\/wp-json\/wp\/v2\/posts\/75607\/revisions\/75608"}],"wp:featuredmedia":[{"embeddable":true,"href":"https:\/\/www.fanzword.com\/fr\/wp-json\/wp\/v2\/media\/75602"}],"wp:attachment":[{"href":"https:\/\/www.fanzword.com\/fr\/wp-json\/wp\/v2\/media?parent=75607"}],"wp:term":[{"taxonomy":"category","embeddable":true,"href":"https:\/\/www.fanzword.com\/fr\/wp-json\/wp\/v2\/categories?post=75607"},{"taxonomy":"post_tag","embeddable":true,"href":"https:\/\/www.fanzword.com\/fr\/wp-json\/wp\/v2\/tags?post=75607"}],"curies":[{"name":"wp","href":"https:\/\/api.w.org\/{rel}","templated":true}]}}