{"id":75587,"date":"2026-03-12T13:58:16","date_gmt":"2026-03-12T13:58:16","guid":{"rendered":"https:\/\/www.fanzword.com\/?p=75587"},"modified":"2026-03-12T13:58:16","modified_gmt":"2026-03-12T13:58:16","slug":"tentatives-de-convaincre-une-star-du-real-madrid-de-representer-le-maroc","status":"publish","type":"post","link":"https:\/\/www.fanzword.com\/fr\/tentatives-de-convaincre-une-star-du-real-madrid-de-representer-le-maroc\/","title":{"rendered":"Tentatives de convaincre une star du Real Madrid de repr\u00e9senter le Maroc"},"content":{"rendered":"<p>La F\u00e9d\u00e9ration Marocaine de Football \u00e9tudie la possibilit\u00e9 de convaincre Tiago Pitarch, la star du Real Madrid, de porter le maillot de l&rsquo;\u00e9quipe nationale marocaine, selon le quotidien El Mundo.<\/p>\n<p>Le jeune homme de 18 ans a des origines marocaines, son grand-p\u00e8re \u00e9tant n\u00e9 \u00e0 Al Hoceima.<\/p>\n<p>Les dirigeants marocains ont r\u00e9ussi \u00e0 persuader Brahim D\u00edaz, la star du Real Madrid, de porter le maillot des Lions de l&rsquo;Atlas plut\u00f4t que celui de l&rsquo;Espagne, et esp\u00e8rent r\u00e9it\u00e9rer cet exploit avec le prometteur milieu de terrain.<\/p>\n<p>D&rsquo;apr\u00e8s le journal, Pitarch privil\u00e9gie actuellement l&rsquo;Espagne, malgr\u00e9 sa reconnaissance pour les efforts du Maroc.<\/p>\n<p>La F\u00e9d\u00e9ration Espagnole de Football va \u00e9galement entreprendre des d\u00e9marches pour assurer la participation de Pitarch \u00e0 la Roja \u00e0 l&rsquo;avenir, en commen\u00e7ant par son int\u00e9gration \u00e0 l&rsquo;\u00e9quipe d&rsquo;Espagne Espoirs lors de la prochaine tr\u00eave internationale en mars.<\/p>\n<p>Pitarch a disput\u00e9 5 matchs avec l&rsquo;\u00e9quipe premi\u00e8re du Real Madrid cette saison apr\u00e8s avoir \u00e9t\u00e9 promu par Alvaro Arbeloa en f\u00e9vrier dernier, et il a attir\u00e9 l&rsquo;attention gr\u00e2ce \u00e0 ses performances exceptionnelles au milieu de terrain.<\/p>\n","protected":false},"excerpt":{"rendered":"<p>La F\u00e9d\u00e9ration Marocaine de Football \u00e9tudie la possibilit\u00e9 de convaincre Tiago Pitarch, la star du Real Madrid, de porter le maillot de l&rsquo;\u00e9quipe nationale marocaine, selon le quotidien El Mundo. Le jeune homme de 18 ans a des origines marocaines, son grand-p\u00e8re \u00e9tant n\u00e9 \u00e0 Al Hoceima. Les dirigeants marocains ont r\u00e9ussi \u00e0 persuader Brahim [&hellip;]<\/p>\n","protected":false},"author":2,"featured_media":75582,"comment_status":"closed","ping_status":"closed","sticky":false,"template":"","format":"standard","meta":{"sfio_featured_image":false,"sfio_embed_code":"","footnotes":""},"categories":[254],"tags":[],"class_list":["post-75587","post","type-post","status-publish","format-standard","has-post-thumbnail","hentry","category-football-arabe"],"_links":{"self":[{"href":"https:\/\/www.fanzword.com\/fr\/wp-json\/wp\/v2\/posts\/75587","targetHints":{"allow":["GET"]}}],"collection":[{"href":"https:\/\/www.fanzword.com\/fr\/wp-json\/wp\/v2\/posts"}],"about":[{"href":"https:\/\/www.fanzword.com\/fr\/wp-json\/wp\/v2\/types\/post"}],"author":[{"embeddable":true,"href":"https:\/\/www.fanzword.com\/fr\/wp-json\/wp\/v2\/users\/2"}],"replies":[{"embeddable":true,"href":"https:\/\/www.fanzword.com\/fr\/wp-json\/wp\/v2\/comments?post=75587"}],"version-history":[{"count":1,"href":"https:\/\/www.fanzword.com\/fr\/wp-json\/wp\/v2\/posts\/75587\/revisions"}],"predecessor-version":[{"id":75588,"href":"https:\/\/www.fanzword.com\/fr\/wp-json\/wp\/v2\/posts\/75587\/revisions\/75588"}],"wp:featuredmedia":[{"embeddable":true,"href":"https:\/\/www.fanzword.com\/fr\/wp-json\/wp\/v2\/media\/75582"}],"wp:attachment":[{"href":"https:\/\/www.fanzword.com\/fr\/wp-json\/wp\/v2\/media?parent=75587"}],"wp:term":[{"taxonomy":"category","embeddable":true,"href":"https:\/\/www.fanzword.com\/fr\/wp-json\/wp\/v2\/categories?post=75587"},{"taxonomy":"post_tag","embeddable":true,"href":"https:\/\/www.fanzword.com\/fr\/wp-json\/wp\/v2\/tags?post=75587"}],"curies":[{"name":"wp","href":"https:\/\/api.w.org\/{rel}","templated":true}]}}