{"id":75493,"date":"2026-03-11T13:55:25","date_gmt":"2026-03-11T13:55:25","guid":{"rendered":"https:\/\/www.fanzword.com\/?p=75493"},"modified":"2026-03-11T13:55:25","modified_gmt":"2026-03-11T13:55:25","slug":"apres-sept-mois-dabsence-gavi-recoit-le-feu-vert-pour-son-retour-a-barcelone","status":"publish","type":"post","link":"https:\/\/www.fanzword.com\/fr\/apres-sept-mois-dabsence-gavi-recoit-le-feu-vert-pour-son-retour-a-barcelone\/","title":{"rendered":"Apr\u00e8s sept mois d&rsquo;absence, Gavi re\u00e7oit le feu vert pour son retour \u00e0 Barcelone"},"content":{"rendered":"<p>Mundo Deportivo annonce que Gavi a re\u00e7u l&rsquo;autorisation de rejouer pour le FC Barcelone apr\u00e8s une longue p\u00e9riode d&rsquo;indisponibilit\u00e9.<\/p>\n<p>Le joueur de 20 ans s&rsquo;\u00e9tait bless\u00e9 au genou en ao\u00fbt dernier et avait subi une op\u00e9ration, ce qui l&rsquo;avait tenu \u00e9loign\u00e9 des terrains pendant sept mois.<\/p>\n<p>Selon les derni\u00e8res informations, Gavi est compl\u00e8tement r\u00e9tabli et pr\u00eat \u00e0 rejouer apr\u00e8s avoir particip\u00e9 aux entra\u00eenements collectifs ces deux derni\u00e8res semaines.<\/p>\n<p>Sauf impr\u00e9vu, l&rsquo;international espagnol sera disponible pour le match contre S\u00e9ville dimanche prochain au Camp Nou.<\/p>\n<p>L&rsquo;entra\u00eeneur Hansi Flick devrait lui accorder un temps de jeu limit\u00e9 et pourrait \u00e9galement le faire jouer contre Newcastle en Ligue des Champions, en le r\u00e9int\u00e9grant progressivement afin d&rsquo;\u00e9viter toute rechute.<\/p>\n<p>La tr\u00eave internationale \u00e9tant termin\u00e9e, Gavi pourrait faire un retour en force et retrouver une place de titulaire, renfor\u00e7ant ainsi le milieu de terrain du Bar\u00e7a en l&rsquo;absence de Frenkie de Jong, bless\u00e9.<\/p>\n","protected":false},"excerpt":{"rendered":"<p>Mundo Deportivo annonce que Gavi a re\u00e7u l&rsquo;autorisation de rejouer pour le FC Barcelone apr\u00e8s une longue p\u00e9riode d&rsquo;indisponibilit\u00e9. Le joueur de 20 ans s&rsquo;\u00e9tait bless\u00e9 au genou en ao\u00fbt dernier et avait subi une op\u00e9ration, ce qui l&rsquo;avait tenu \u00e9loign\u00e9 des terrains pendant sept mois. Selon les derni\u00e8res informations, Gavi est compl\u00e8tement r\u00e9tabli et [&hellip;]<\/p>\n","protected":false},"author":2,"featured_media":75489,"comment_status":"closed","ping_status":"closed","sticky":false,"template":"","format":"standard","meta":{"sfio_featured_image":false,"sfio_embed_code":"","footnotes":""},"categories":[221],"tags":[],"class_list":["post-75493","post","type-post","status-publish","format-standard","has-post-thumbnail","hentry","category-barcelona-fr"],"_links":{"self":[{"href":"https:\/\/www.fanzword.com\/fr\/wp-json\/wp\/v2\/posts\/75493","targetHints":{"allow":["GET"]}}],"collection":[{"href":"https:\/\/www.fanzword.com\/fr\/wp-json\/wp\/v2\/posts"}],"about":[{"href":"https:\/\/www.fanzword.com\/fr\/wp-json\/wp\/v2\/types\/post"}],"author":[{"embeddable":true,"href":"https:\/\/www.fanzword.com\/fr\/wp-json\/wp\/v2\/users\/2"}],"replies":[{"embeddable":true,"href":"https:\/\/www.fanzword.com\/fr\/wp-json\/wp\/v2\/comments?post=75493"}],"version-history":[{"count":1,"href":"https:\/\/www.fanzword.com\/fr\/wp-json\/wp\/v2\/posts\/75493\/revisions"}],"predecessor-version":[{"id":75494,"href":"https:\/\/www.fanzword.com\/fr\/wp-json\/wp\/v2\/posts\/75493\/revisions\/75494"}],"wp:featuredmedia":[{"embeddable":true,"href":"https:\/\/www.fanzword.com\/fr\/wp-json\/wp\/v2\/media\/75489"}],"wp:attachment":[{"href":"https:\/\/www.fanzword.com\/fr\/wp-json\/wp\/v2\/media?parent=75493"}],"wp:term":[{"taxonomy":"category","embeddable":true,"href":"https:\/\/www.fanzword.com\/fr\/wp-json\/wp\/v2\/categories?post=75493"},{"taxonomy":"post_tag","embeddable":true,"href":"https:\/\/www.fanzword.com\/fr\/wp-json\/wp\/v2\/tags?post=75493"}],"curies":[{"name":"wp","href":"https:\/\/api.w.org\/{rel}","templated":true}]}}