{"id":75443,"date":"2026-03-11T13:13:50","date_gmt":"2026-03-11T13:13:50","guid":{"rendered":"https:\/\/www.fanzword.com\/?p=75443"},"modified":"2026-03-11T13:13:50","modified_gmt":"2026-03-11T13:13:50","slug":"le-defenseur-marocain-opere-en-urgence-pour-etre-pret-pour-la-coupe-du-monde-2026","status":"publish","type":"post","link":"https:\/\/www.fanzword.com\/fr\/le-defenseur-marocain-opere-en-urgence-pour-etre-pret-pour-la-coupe-du-monde-2026\/","title":{"rendered":"Le d\u00e9fenseur marocain op\u00e9r\u00e9 en urgence pour \u00eatre pr\u00eat pour la Coupe du Monde 2026"},"content":{"rendered":"<p>L&rsquo;Olympique de Marseille a annonc\u00e9 dans un communiqu\u00e9 officiel que Nayef Aguerd a d\u00e9cid\u00e9 de se faire op\u00e9rer d&rsquo;une blessure \u00e0 l&rsquo;aine, \u00e0 moins de trois mois du d\u00e9but de la Coupe du Monde 2026.<\/p>\n<p>Aguerd souffrait de cette blessure depuis l&rsquo;automne 2025, mais avait pr\u00e9f\u00e9r\u00e9 la kin\u00e9sith\u00e9rapie \u00e0 la chirurgie afin de pouvoir participer \u00e0 la Coupe d&rsquo;Afrique des Nations au Maroc.<\/p>\n<p>Cependant, la douleur d&rsquo;Aguerd s&rsquo;est intensifi\u00e9e ces derniers jours, le poussant \u00e0 d\u00e9cider, en accord avec le staff m\u00e9dical de l&rsquo;OM, \u200b\u200bde se faire op\u00e9rer.<\/p>\n<p>Dans un premier temps, l&rsquo;absence du d\u00e9fenseur central marocain pourrait durer au moins un mois, voire plus selon l&rsquo;\u00e9volution de sa convalescence.<\/p>\n<p>Aguerd esp\u00e8re \u00eatre r\u00e9tabli d&rsquo;ici mi-avril et, par cons\u00e9quent, participer aux derni\u00e8res journ\u00e9es du championnat de France, qui se termine le 15 mai.<\/p>\n<p>Son objectif principal demeure la participation \u00e0 la Coupe du Monde 2026 avec l&rsquo;\u00e9quipe nationale marocaine, et cela d\u00e9pendra essentiellement de sa condition physique \u00e0 ce moment-l\u00e0.<\/p>\n<p>Le joueur de 29 ans compte 64 s\u00e9lections avec les Lions de l&rsquo;Atlas et faisait partie de l&rsquo;\u00e9quipe de Walid Regragui qui a termin\u00e9 quatri\u00e8me de la Coupe du Monde 2022 au Qatar.<\/p>\n","protected":false},"excerpt":{"rendered":"<p>L&rsquo;Olympique de Marseille a annonc\u00e9 dans un communiqu\u00e9 officiel que Nayef Aguerd a d\u00e9cid\u00e9 de se faire op\u00e9rer d&rsquo;une blessure \u00e0 l&rsquo;aine, \u00e0 moins de trois mois du d\u00e9but de la Coupe du Monde 2026. Aguerd souffrait de cette blessure depuis l&rsquo;automne 2025, mais avait pr\u00e9f\u00e9r\u00e9 la kin\u00e9sith\u00e9rapie \u00e0 la chirurgie afin de pouvoir participer [&hellip;]<\/p>\n","protected":false},"author":2,"featured_media":75438,"comment_status":"closed","ping_status":"closed","sticky":false,"template":"","format":"standard","meta":{"sfio_featured_image":false,"sfio_embed_code":"","footnotes":""},"categories":[254],"tags":[],"class_list":["post-75443","post","type-post","status-publish","format-standard","has-post-thumbnail","hentry","category-football-arabe"],"_links":{"self":[{"href":"https:\/\/www.fanzword.com\/fr\/wp-json\/wp\/v2\/posts\/75443","targetHints":{"allow":["GET"]}}],"collection":[{"href":"https:\/\/www.fanzword.com\/fr\/wp-json\/wp\/v2\/posts"}],"about":[{"href":"https:\/\/www.fanzword.com\/fr\/wp-json\/wp\/v2\/types\/post"}],"author":[{"embeddable":true,"href":"https:\/\/www.fanzword.com\/fr\/wp-json\/wp\/v2\/users\/2"}],"replies":[{"embeddable":true,"href":"https:\/\/www.fanzword.com\/fr\/wp-json\/wp\/v2\/comments?post=75443"}],"version-history":[{"count":1,"href":"https:\/\/www.fanzword.com\/fr\/wp-json\/wp\/v2\/posts\/75443\/revisions"}],"predecessor-version":[{"id":75444,"href":"https:\/\/www.fanzword.com\/fr\/wp-json\/wp\/v2\/posts\/75443\/revisions\/75444"}],"wp:featuredmedia":[{"embeddable":true,"href":"https:\/\/www.fanzword.com\/fr\/wp-json\/wp\/v2\/media\/75438"}],"wp:attachment":[{"href":"https:\/\/www.fanzword.com\/fr\/wp-json\/wp\/v2\/media?parent=75443"}],"wp:term":[{"taxonomy":"category","embeddable":true,"href":"https:\/\/www.fanzword.com\/fr\/wp-json\/wp\/v2\/categories?post=75443"},{"taxonomy":"post_tag","embeddable":true,"href":"https:\/\/www.fanzword.com\/fr\/wp-json\/wp\/v2\/tags?post=75443"}],"curies":[{"name":"wp","href":"https:\/\/api.w.org\/{rel}","templated":true}]}}