{"id":75379,"date":"2026-03-10T19:10:34","date_gmt":"2026-03-10T19:10:34","guid":{"rendered":"https:\/\/www.fanzword.com\/?p=75379"},"modified":"2026-03-10T19:10:34","modified_gmt":"2026-03-10T19:10:34","slug":"lobesite-prive-liverpool-dalisson-face-a-galatasaray","status":"publish","type":"post","link":"https:\/\/www.fanzword.com\/fr\/lobesite-prive-liverpool-dalisson-face-a-galatasaray\/","title":{"rendered":"\u00ab\u00a0L\u2019ob\u00e9sit\u00e9\u00a0\u00bb prive Liverpool d\u2019Alisson face \u00e0 Galatasaray"},"content":{"rendered":"<p>L&rsquo;absence d&rsquo;Alisson lors du match aller des huiti\u00e8mes de finale de la Ligue des Champions entre Liverpool et Galatasaray a surpris beaucoup de monde.<\/p>\n<p>L&rsquo;international br\u00e9silien est le gardien titulaire des Reds cette saison et manque rarement un match, sauf en cas de blessure.<\/p>\n<p>Cependant, Arne Slott a choisi d&rsquo;aligner Giorgi Mamardashvili, et Alisson \u00e9tait absent du groupe qui s&rsquo;est d\u00e9plac\u00e9 en Turquie, alimentant les sp\u00e9culations quant \u00e0 la raison de cette absence.<\/p>\n<p>Selon la presse anglaise, Alisson aurait pris du poids de fa\u00e7on soudaine, ce qui aurait conduit Slott \u00e0 l&rsquo;\u00e9carter du match contre Galatasaray.<\/p>\n<p>Le gardien br\u00e9silien a pris 4 kilos de plus que le poids limite fix\u00e9 par le staff m\u00e9dical, et pour cette raison, et peut-\u00eatre \u00e0 titre de sanction, il a \u00e9t\u00e9 mis au repos.<\/p>\n<p>Alisson suit d\u00e9sormais un r\u00e9gime strict pour perdre du poids et \u00eatre de retour dans les cages de Liverpool dimanche prochain \u00e0 Anfield contre Tottenham.<\/p>\n","protected":false},"excerpt":{"rendered":"<p>L&rsquo;absence d&rsquo;Alisson lors du match aller des huiti\u00e8mes de finale de la Ligue des Champions entre Liverpool et Galatasaray a surpris beaucoup de monde. L&rsquo;international br\u00e9silien est le gardien titulaire des Reds cette saison et manque rarement un match, sauf en cas de blessure. Cependant, Arne Slott a choisi d&rsquo;aligner Giorgi Mamardashvili, et Alisson \u00e9tait [&hellip;]<\/p>\n","protected":false},"author":2,"featured_media":75374,"comment_status":"closed","ping_status":"closed","sticky":false,"template":"","format":"standard","meta":{"sfio_featured_image":false,"sfio_embed_code":"","footnotes":""},"categories":[251,213],"tags":[],"class_list":["post-75379","post","type-post","status-publish","format-standard","has-post-thumbnail","hentry","category-ligue-des-champions","category-liverpool"],"_links":{"self":[{"href":"https:\/\/www.fanzword.com\/fr\/wp-json\/wp\/v2\/posts\/75379","targetHints":{"allow":["GET"]}}],"collection":[{"href":"https:\/\/www.fanzword.com\/fr\/wp-json\/wp\/v2\/posts"}],"about":[{"href":"https:\/\/www.fanzword.com\/fr\/wp-json\/wp\/v2\/types\/post"}],"author":[{"embeddable":true,"href":"https:\/\/www.fanzword.com\/fr\/wp-json\/wp\/v2\/users\/2"}],"replies":[{"embeddable":true,"href":"https:\/\/www.fanzword.com\/fr\/wp-json\/wp\/v2\/comments?post=75379"}],"version-history":[{"count":2,"href":"https:\/\/www.fanzword.com\/fr\/wp-json\/wp\/v2\/posts\/75379\/revisions"}],"predecessor-version":[{"id":75381,"href":"https:\/\/www.fanzword.com\/fr\/wp-json\/wp\/v2\/posts\/75379\/revisions\/75381"}],"wp:featuredmedia":[{"embeddable":true,"href":"https:\/\/www.fanzword.com\/fr\/wp-json\/wp\/v2\/media\/75374"}],"wp:attachment":[{"href":"https:\/\/www.fanzword.com\/fr\/wp-json\/wp\/v2\/media?parent=75379"}],"wp:term":[{"taxonomy":"category","embeddable":true,"href":"https:\/\/www.fanzword.com\/fr\/wp-json\/wp\/v2\/categories?post=75379"},{"taxonomy":"post_tag","embeddable":true,"href":"https:\/\/www.fanzword.com\/fr\/wp-json\/wp\/v2\/tags?post=75379"}],"curies":[{"name":"wp","href":"https:\/\/api.w.org\/{rel}","templated":true}]}}