{"id":75336,"date":"2026-03-10T14:31:42","date_gmt":"2026-03-10T14:31:42","guid":{"rendered":"https:\/\/www.fanzword.com\/?p=75336"},"modified":"2026-03-10T14:31:42","modified_gmt":"2026-03-10T14:31:42","slug":"arbeloa-nous-sommes-le-real-madrid-et-prets-a-affronter-les-surprises-de-guardiola","status":"publish","type":"post","link":"https:\/\/www.fanzword.com\/fr\/arbeloa-nous-sommes-le-real-madrid-et-prets-a-affronter-les-surprises-de-guardiola\/","title":{"rendered":"Arbeloa : Nous sommes le Real Madrid\u2026 et pr\u00eats \u00e0 affronter les surprises de Guardiola"},"content":{"rendered":"<p>Alvaro Arbeloa a insist\u00e9 mardi sur le fait que son \u00e9quipe du Real Madrid \u00ab ne doit pas se sentir inf\u00e9rieure \u00bb \u00e0 Manchester City, alors que les deux \u00e9quipes s&rsquo;appr\u00eatent \u00e0 s&rsquo;affronter en huiti\u00e8mes de finale de la Ligue des champions.<\/p>\n<p>City avait battu le Real Madrid 2-1 au Bernabeu en Liga en d\u00e9cembre dernier, une rencontre qui avait pr\u00e9cipit\u00e9 le d\u00e9part du pr\u00e9d\u00e9cesseur d&rsquo;Arbeloa, Xabi Alonso.<\/p>\n<p>\u00ab Nous sommes le Real Madrid, nous ne nous sentons jamais inf\u00e9rieurs \u00e0 personne \u00bb, a d\u00e9clar\u00e9 Arbeloa. \u00ab Nous ne devons pas nous sentir inf\u00e9rieurs \u00e0 qui que ce soit. Nous connaissons tous bien l&rsquo;adversaire : le club, l&rsquo;entra\u00eeneur et les joueurs. Ils \u00e9taient champions il y a deux ans, mais nous abordons ce match avec beaucoup d&rsquo;enthousiasme\u2026 Demain, nous jouerons pour gagner. \u00bb<\/p>\n<p>Arbeloa faisait partie de l&rsquo;\u00e9quipe du Real Madrid qui avait affront\u00e9 le FC Barcelone de Pep Guardiola il y a plus de dix ans, et il affronte d\u00e9sormais le tacticien pour la premi\u00e8re fois en tant qu&rsquo;entra\u00eeneur. Il a comment\u00e9 : \u00ab Pep nous r\u00e9serve toujours une surprise. Peu importe l&rsquo;\u00e9quipe adverse, il a pr\u00e9par\u00e9 quelque chose de diff\u00e9rent. \u00bb<\/p>\n<p>Il a conclu : \u00ab Je serais surpris qu&rsquo;il ne modifie pas leur structure, leur style de jeu offensif, ou qu&rsquo;il n&rsquo;int\u00e8gre pas un joueur qui n&rsquo;a pas jou\u00e9 r\u00e9cemment. \u00bb<\/p>\n","protected":false},"excerpt":{"rendered":"<p>Alvaro Arbeloa a insist\u00e9 mardi sur le fait que son \u00e9quipe du Real Madrid \u00ab ne doit pas se sentir inf\u00e9rieure \u00bb \u00e0 Manchester City, alors que les deux \u00e9quipes s&rsquo;appr\u00eatent \u00e0 s&rsquo;affronter en huiti\u00e8mes de finale de la Ligue des champions. City avait battu le Real Madrid 2-1 au Bernabeu en Liga en d\u00e9cembre [&hellip;]<\/p>\n","protected":false},"author":2,"featured_media":75331,"comment_status":"closed","ping_status":"closed","sticky":false,"template":"","format":"standard","meta":{"sfio_featured_image":false,"sfio_embed_code":"","footnotes":""},"categories":[251,222],"tags":[],"class_list":["post-75336","post","type-post","status-publish","format-standard","has-post-thumbnail","hentry","category-ligue-des-champions","category-real-madrid-fr"],"_links":{"self":[{"href":"https:\/\/www.fanzword.com\/fr\/wp-json\/wp\/v2\/posts\/75336","targetHints":{"allow":["GET"]}}],"collection":[{"href":"https:\/\/www.fanzword.com\/fr\/wp-json\/wp\/v2\/posts"}],"about":[{"href":"https:\/\/www.fanzword.com\/fr\/wp-json\/wp\/v2\/types\/post"}],"author":[{"embeddable":true,"href":"https:\/\/www.fanzword.com\/fr\/wp-json\/wp\/v2\/users\/2"}],"replies":[{"embeddable":true,"href":"https:\/\/www.fanzword.com\/fr\/wp-json\/wp\/v2\/comments?post=75336"}],"version-history":[{"count":1,"href":"https:\/\/www.fanzword.com\/fr\/wp-json\/wp\/v2\/posts\/75336\/revisions"}],"predecessor-version":[{"id":75337,"href":"https:\/\/www.fanzword.com\/fr\/wp-json\/wp\/v2\/posts\/75336\/revisions\/75337"}],"wp:featuredmedia":[{"embeddable":true,"href":"https:\/\/www.fanzword.com\/fr\/wp-json\/wp\/v2\/media\/75331"}],"wp:attachment":[{"href":"https:\/\/www.fanzword.com\/fr\/wp-json\/wp\/v2\/media?parent=75336"}],"wp:term":[{"taxonomy":"category","embeddable":true,"href":"https:\/\/www.fanzword.com\/fr\/wp-json\/wp\/v2\/categories?post=75336"},{"taxonomy":"post_tag","embeddable":true,"href":"https:\/\/www.fanzword.com\/fr\/wp-json\/wp\/v2\/tags?post=75336"}],"curies":[{"name":"wp","href":"https:\/\/api.w.org\/{rel}","templated":true}]}}