{"id":75296,"date":"2026-03-10T09:54:09","date_gmt":"2026-03-10T09:54:09","guid":{"rendered":"https:\/\/www.fanzword.com\/?p=75296"},"modified":"2026-03-10T09:54:09","modified_gmt":"2026-03-10T09:54:09","slug":"barcelone-et-arsenal-en-lice-pour-la-star-allemande","status":"publish","type":"post","link":"https:\/\/www.fanzword.com\/fr\/barcelone-et-arsenal-en-lice-pour-la-star-allemande\/","title":{"rendered":"Barcelone et Arsenal en lice pour la star allemande"},"content":{"rendered":"<p>Sky Sports rapporte que le FC Barcelone s&rsquo;int\u00e9resse de pr\u00e8s \u00e0 Julian Brandt, la star du Borussia Dortmund, en vue d&rsquo;un possible transfert cet \u00e9t\u00e9.<\/p>\n<p>Dortmund a annonc\u00e9 il y a quelques jours l&rsquo;\u00e9chec des n\u00e9gociations pour la prolongation du contrat de Brandt, ce qui signifie que l&rsquo;international allemand quittera le Signal Iduna Park \u00e0 l&rsquo;expiration de son contrat en juillet.<\/p>\n<p>Selon les derni\u00e8res informations, le FC Barcelone envisage de recruter Brandt, 29 ans, gratuitement, d&rsquo;autant plus que l&rsquo;entra\u00eeneur Hansi Flick le conna\u00eet bien depuis la s\u00e9lection allemande.<\/p>\n<p>Le club catalan n&rsquo;a pas encore pris de d\u00e9cision d\u00e9finitive quant \u00e0 l&rsquo;opportunit\u00e9 de recruter l&rsquo;ancien joueur du Bayer Leverkusen et pr\u00e9f\u00e8re attendre au moins la fin de la saison.<\/p>\n<p>Si le Bar\u00e7a d\u00e9cide de recruter Brandt, il devra faire face \u00e0 une forte concurrence de la part de plusieurs grands clubs des cinq grands championnats europ\u00e9ens.<\/p>\n<p>Arsenal fait partie des clubs les plus d\u00e9sireux d&rsquo;acqu\u00e9rir Brandt, m\u00eame si le joueur suscite \u00e9galement l&rsquo;int\u00e9r\u00eat d&rsquo;autres clubs de Premier League et de Serie A. Il convient de noter que Brandt a re\u00e7u des offres importantes de la Premier League l&rsquo;hiver dernier, mais il les a rejet\u00e9es, esp\u00e9rant prolonger son contrat avec Dortmund et souhaitant terminer la saison avec les Jaune et Noir.<\/p>\n","protected":false},"excerpt":{"rendered":"<p>Sky Sports rapporte que le FC Barcelone s&rsquo;int\u00e9resse de pr\u00e8s \u00e0 Julian Brandt, la star du Borussia Dortmund, en vue d&rsquo;un possible transfert cet \u00e9t\u00e9. Dortmund a annonc\u00e9 il y a quelques jours l&rsquo;\u00e9chec des n\u00e9gociations pour la prolongation du contrat de Brandt, ce qui signifie que l&rsquo;international allemand quittera le Signal Iduna Park \u00e0 [&hellip;]<\/p>\n","protected":false},"author":2,"featured_media":75291,"comment_status":"closed","ping_status":"closed","sticky":false,"template":"","format":"standard","meta":{"sfio_featured_image":false,"sfio_embed_code":"","footnotes":""},"categories":[221],"tags":[229],"class_list":["post-75296","post","type-post","status-publish","format-standard","has-post-thumbnail","hentry","category-barcelona-fr","tag-premier-league-fr"],"_links":{"self":[{"href":"https:\/\/www.fanzword.com\/fr\/wp-json\/wp\/v2\/posts\/75296","targetHints":{"allow":["GET"]}}],"collection":[{"href":"https:\/\/www.fanzword.com\/fr\/wp-json\/wp\/v2\/posts"}],"about":[{"href":"https:\/\/www.fanzword.com\/fr\/wp-json\/wp\/v2\/types\/post"}],"author":[{"embeddable":true,"href":"https:\/\/www.fanzword.com\/fr\/wp-json\/wp\/v2\/users\/2"}],"replies":[{"embeddable":true,"href":"https:\/\/www.fanzword.com\/fr\/wp-json\/wp\/v2\/comments?post=75296"}],"version-history":[{"count":1,"href":"https:\/\/www.fanzword.com\/fr\/wp-json\/wp\/v2\/posts\/75296\/revisions"}],"predecessor-version":[{"id":75297,"href":"https:\/\/www.fanzword.com\/fr\/wp-json\/wp\/v2\/posts\/75296\/revisions\/75297"}],"wp:featuredmedia":[{"embeddable":true,"href":"https:\/\/www.fanzword.com\/fr\/wp-json\/wp\/v2\/media\/75291"}],"wp:attachment":[{"href":"https:\/\/www.fanzword.com\/fr\/wp-json\/wp\/v2\/media?parent=75296"}],"wp:term":[{"taxonomy":"category","embeddable":true,"href":"https:\/\/www.fanzword.com\/fr\/wp-json\/wp\/v2\/categories?post=75296"},{"taxonomy":"post_tag","embeddable":true,"href":"https:\/\/www.fanzword.com\/fr\/wp-json\/wp\/v2\/tags?post=75296"}],"curies":[{"name":"wp","href":"https:\/\/api.w.org\/{rel}","templated":true}]}}