{"id":75254,"date":"2026-03-09T17:01:16","date_gmt":"2026-03-09T17:01:16","guid":{"rendered":"https:\/\/www.fanzword.com\/?p=75254"},"modified":"2026-03-09T17:01:16","modified_gmt":"2026-03-09T17:01:16","slug":"arbeloa-furieux-contre-une-star-du-real-madrid-et-envisage-de-lecarter","status":"publish","type":"post","link":"https:\/\/www.fanzword.com\/fr\/arbeloa-furieux-contre-une-star-du-real-madrid-et-envisage-de-lecarter\/","title":{"rendered":"Arbeloa furieux contre une star du Real Madrid et envisage de l&rsquo;\u00e9carter"},"content":{"rendered":"<p>Selon Defensa Central, l&rsquo;entra\u00eeneur du Real Madrid, \u00c1lvaro Arbeloa, est furieux contre l&rsquo;un des joueurs cl\u00e9s du club et envisage de l&rsquo;\u00e9carter de ses plans pour la saison \u00e0 venir.<\/p>\n<p>Le joueur en question est Eduardo Camavinga, qui a manqu\u00e9 le match de vendredi contre le Celta Vigo en raison d&rsquo;un mal de dents.<\/p>\n<p>L&rsquo;article indique qu&rsquo;Arbeloa est d\u00e9\u00e7u du refus de Camavinga de jouer contre le Celta Vigo pour cause de mal de dents, d&rsquo;autant plus que l&rsquo;\u00e9quipe \u00e9tait confront\u00e9e \u00e0 un manque important de joueurs et avait besoin de chaque joueur disponible, m\u00eame pour quelques minutes seulement.<\/p>\n<p>Apr\u00e8s le match contre le Celta Vigo, Arbeloa a fait de br\u00e8ves remarques critiquant Camavinga sans le nommer, d\u00e9clarant : \u00ab Je suis tr\u00e8s content des joueurs qui ont voulu venir. \u00bb<\/p>\n<p>Arbeloa envisage s\u00e9rieusement d&rsquo;\u00e9carter Camavinga des prochains matchs, ou au moins de l&rsquo;inclure dans le groupe mais en limitant son temps de jeu.<\/p>\n<p>Heureusement pour le Real Madrid, l&rsquo;absence de Camavinga a permis l&rsquo;\u00e9closion du prometteur Thiago, sur lequel Arbeloa compte d\u00e9sormais s&rsquo;appuyer pour la p\u00e9riode \u00e0 venir.<\/p>\n<p>Il convient de noter que l&rsquo;avenir de Camavinga au Real Madrid est incertain depuis un certain temps. Les m\u00e9dias espagnols indiquent que Florentino P\u00e9rez et la direction sont insatisfaits des performances du joueur ces deux derni\u00e8res saisons, et qu&rsquo;il pourrait \u00eatre vendu l&rsquo;\u00e9t\u00e9 prochain.<\/p>\n","protected":false},"excerpt":{"rendered":"<p>Selon Defensa Central, l&rsquo;entra\u00eeneur du Real Madrid, \u00c1lvaro Arbeloa, est furieux contre l&rsquo;un des joueurs cl\u00e9s du club et envisage de l&rsquo;\u00e9carter de ses plans pour la saison \u00e0 venir. Le joueur en question est Eduardo Camavinga, qui a manqu\u00e9 le match de vendredi contre le Celta Vigo en raison d&rsquo;un mal de dents. L&rsquo;article [&hellip;]<\/p>\n","protected":false},"author":2,"featured_media":75249,"comment_status":"closed","ping_status":"closed","sticky":false,"template":"","format":"standard","meta":{"sfio_featured_image":false,"sfio_embed_code":"","footnotes":""},"categories":[220,222],"tags":[],"class_list":["post-75254","post","type-post","status-publish","format-standard","has-post-thumbnail","hentry","category-la-liga-fr","category-real-madrid-fr"],"_links":{"self":[{"href":"https:\/\/www.fanzword.com\/fr\/wp-json\/wp\/v2\/posts\/75254","targetHints":{"allow":["GET"]}}],"collection":[{"href":"https:\/\/www.fanzword.com\/fr\/wp-json\/wp\/v2\/posts"}],"about":[{"href":"https:\/\/www.fanzword.com\/fr\/wp-json\/wp\/v2\/types\/post"}],"author":[{"embeddable":true,"href":"https:\/\/www.fanzword.com\/fr\/wp-json\/wp\/v2\/users\/2"}],"replies":[{"embeddable":true,"href":"https:\/\/www.fanzword.com\/fr\/wp-json\/wp\/v2\/comments?post=75254"}],"version-history":[{"count":1,"href":"https:\/\/www.fanzword.com\/fr\/wp-json\/wp\/v2\/posts\/75254\/revisions"}],"predecessor-version":[{"id":75255,"href":"https:\/\/www.fanzword.com\/fr\/wp-json\/wp\/v2\/posts\/75254\/revisions\/75255"}],"wp:featuredmedia":[{"embeddable":true,"href":"https:\/\/www.fanzword.com\/fr\/wp-json\/wp\/v2\/media\/75249"}],"wp:attachment":[{"href":"https:\/\/www.fanzword.com\/fr\/wp-json\/wp\/v2\/media?parent=75254"}],"wp:term":[{"taxonomy":"category","embeddable":true,"href":"https:\/\/www.fanzword.com\/fr\/wp-json\/wp\/v2\/categories?post=75254"},{"taxonomy":"post_tag","embeddable":true,"href":"https:\/\/www.fanzword.com\/fr\/wp-json\/wp\/v2\/tags?post=75254"}],"curies":[{"name":"wp","href":"https:\/\/api.w.org\/{rel}","templated":true}]}}