{"id":75191,"date":"2026-03-09T16:42:29","date_gmt":"2026-03-09T16:42:29","guid":{"rendered":"https:\/\/www.fanzword.com\/?p=75191"},"modified":"2026-03-09T16:42:29","modified_gmt":"2026-03-09T16:42:29","slug":"le-real-madrid-tente-une-star-de-premier-league-avec-une-prime-a-la-signature-de-15-millions-deuros","status":"publish","type":"post","link":"https:\/\/www.fanzword.com\/fr\/le-real-madrid-tente-une-star-de-premier-league-avec-une-prime-a-la-signature-de-15-millions-deuros\/","title":{"rendered":"Le Real Madrid tente une star de Premier League avec une prime \u00e0 la signature de 15 millions d&rsquo;euros"},"content":{"rendered":"<p>Le Real Madrid est sur le point de finaliser le transfert d&rsquo;Ibrahima Konat\u00e9 cet \u00e9t\u00e9, libre de tout contrat \u00e0 l&rsquo;expiration de son contrat avec Liverpool.<\/p>\n<p>Selon la presse anglaise, Konat\u00e9 aurait refus\u00e9 de prolonger son contrat avec Liverpool et souhaiterait franchir une nouvelle \u00e9tape dans sa carri\u00e8re loin de la Premier League.<\/p>\n<p>Le Real Madrid recherche un nouveau d\u00e9fenseur central et, depuis la prolongation de contrat de Dayot Upamecano avec le Bayern Munich, Konat\u00e9 est devenu la priorit\u00e9 de Florentino P\u00e9rez.<\/p>\n<p>La presse espagnole indique que le Real Madrid propose \u00e0 Konat\u00e9 une prime \u00e0 la signature pouvant atteindre 15 millions d&rsquo;euros.<\/p>\n<p>L&rsquo;international fran\u00e7ais est favorable \u00e0 un transfert au Real Madrid, mais il souhaite d&rsquo;abord obtenir des garanties quant \u00e0 son statut de titulaire indiscutable et au soutien qu&rsquo;il recevra.<\/p>\n<p>Au sein du Real Madrid, deux camps s&rsquo;affrontent actuellement concernant Konat\u00e9\u00a0: l&rsquo;un est favorable \u00e0 ce transfert, tandis que l&rsquo;autre pr\u00e9f\u00e8re explorer d&rsquo;autres pistes, notamment apr\u00e8s la baisse de forme du joueur \u00e0 Liverpool cette saison.<\/p>\n","protected":false},"excerpt":{"rendered":"<p>Le Real Madrid est sur le point de finaliser le transfert d&rsquo;Ibrahima Konat\u00e9 cet \u00e9t\u00e9, libre de tout contrat \u00e0 l&rsquo;expiration de son contrat avec Liverpool. Selon la presse anglaise, Konat\u00e9 aurait refus\u00e9 de prolonger son contrat avec Liverpool et souhaiterait franchir une nouvelle \u00e9tape dans sa carri\u00e8re loin de la Premier League. Le Real [&hellip;]<\/p>\n","protected":false},"author":2,"featured_media":75187,"comment_status":"closed","ping_status":"closed","sticky":false,"template":"","format":"standard","meta":{"sfio_featured_image":false,"sfio_embed_code":"","footnotes":""},"categories":[213,222],"tags":[229],"class_list":["post-75191","post","type-post","status-publish","format-standard","has-post-thumbnail","hentry","category-liverpool","category-real-madrid-fr","tag-premier-league-fr"],"_links":{"self":[{"href":"https:\/\/www.fanzword.com\/fr\/wp-json\/wp\/v2\/posts\/75191","targetHints":{"allow":["GET"]}}],"collection":[{"href":"https:\/\/www.fanzword.com\/fr\/wp-json\/wp\/v2\/posts"}],"about":[{"href":"https:\/\/www.fanzword.com\/fr\/wp-json\/wp\/v2\/types\/post"}],"author":[{"embeddable":true,"href":"https:\/\/www.fanzword.com\/fr\/wp-json\/wp\/v2\/users\/2"}],"replies":[{"embeddable":true,"href":"https:\/\/www.fanzword.com\/fr\/wp-json\/wp\/v2\/comments?post=75191"}],"version-history":[{"count":1,"href":"https:\/\/www.fanzword.com\/fr\/wp-json\/wp\/v2\/posts\/75191\/revisions"}],"predecessor-version":[{"id":75192,"href":"https:\/\/www.fanzword.com\/fr\/wp-json\/wp\/v2\/posts\/75191\/revisions\/75192"}],"wp:featuredmedia":[{"embeddable":true,"href":"https:\/\/www.fanzword.com\/fr\/wp-json\/wp\/v2\/media\/75187"}],"wp:attachment":[{"href":"https:\/\/www.fanzword.com\/fr\/wp-json\/wp\/v2\/media?parent=75191"}],"wp:term":[{"taxonomy":"category","embeddable":true,"href":"https:\/\/www.fanzword.com\/fr\/wp-json\/wp\/v2\/categories?post=75191"},{"taxonomy":"post_tag","embeddable":true,"href":"https:\/\/www.fanzword.com\/fr\/wp-json\/wp\/v2\/tags?post=75191"}],"curies":[{"name":"wp","href":"https:\/\/api.w.org\/{rel}","templated":true}]}}