{"id":74932,"date":"2026-03-06T19:31:54","date_gmt":"2026-03-06T19:31:54","guid":{"rendered":"https:\/\/www.fanzword.com\/?p=74932"},"modified":"2026-03-06T19:31:54","modified_gmt":"2026-03-06T19:31:54","slug":"lagent-de-klopp-dement-categoriquement-les-rumeurs-dun-transfert-a-latletico-madrid","status":"publish","type":"post","link":"https:\/\/www.fanzword.com\/fr\/lagent-de-klopp-dement-categoriquement-les-rumeurs-dun-transfert-a-latletico-madrid\/","title":{"rendered":"L&rsquo;agent de Klopp d\u00e9ment cat\u00e9goriquement les rumeurs d&rsquo;un transfert \u00e0 l&rsquo;Atl\u00e9tico Madrid"},"content":{"rendered":"<p>Des rumeurs circulent depuis quelques heures concernant un possible transfert de J\u00fcrgen Klopp \u00e0 l&rsquo;Atl\u00e9tico Madrid pour remplacer Diego Simeone la saison prochaine.<\/p>\n<p>Ces rumeurs co\u00efncident avec des informations selon lesquelles Klopp quitterait son poste actuel de directeur du football mondial chez Red Bull pour reprendre bient\u00f4t du service.<\/p>\n<p>Klopp serait dans le viseur du Real Madrid, mais des informations r\u00e9centes indiquent que l&rsquo;entra\u00eeneur allemand aurait rejet\u00e9 l&rsquo;id\u00e9e de diriger le club madril\u00e8ne et privil\u00e9gierait l&rsquo;Atl\u00e9tico Madrid.<\/p>\n<p>Ces rumeurs semblent avoir d\u00e9plu \u00e0 l&rsquo;agent de Klopp, qui s&rsquo;est exprim\u00e9 dans les m\u00e9dias pour d\u00e9mentir toute n\u00e9gociation avec les Rojiblancos.<\/p>\n<p>\u00ab Un accord avec l&rsquo;Atl\u00e9tico Madrid ? Ce ne sont que des rumeurs absurdes ! \u00bb, a d\u00e9clar\u00e9 Marc Coxier.<\/p>\n<p>Simeone devrait quitter l&rsquo;Atl\u00e9tico Madrid \u00e0 la fin de la saison actuelle suite \u00e0 des d\u00e9saccords avec les nouveaux propri\u00e9taires du club, et son successeur reste inconnu.<\/p>\n<p>Quoi qu&rsquo;il en soit, l&rsquo;agent de Klopp insiste sur le fait que son client n&rsquo;entra\u00eenera pas l&rsquo;Atl\u00e9tico, qu&rsquo;il n&rsquo;y a aucune n\u00e9gociation et que l&rsquo;Allemand n&rsquo;a aucune intention de revenir sur le banc.<\/p>\n","protected":false},"excerpt":{"rendered":"<p>Des rumeurs circulent depuis quelques heures concernant un possible transfert de J\u00fcrgen Klopp \u00e0 l&rsquo;Atl\u00e9tico Madrid pour remplacer Diego Simeone la saison prochaine. Ces rumeurs co\u00efncident avec des informations selon lesquelles Klopp quitterait son poste actuel de directeur du football mondial chez Red Bull pour reprendre bient\u00f4t du service. Klopp serait dans le viseur du [&hellip;]<\/p>\n","protected":false},"author":2,"featured_media":74927,"comment_status":"closed","ping_status":"closed","sticky":false,"template":"","format":"standard","meta":{"sfio_featured_image":false,"sfio_embed_code":"","footnotes":""},"categories":[220],"tags":[],"class_list":["post-74932","post","type-post","status-publish","format-standard","has-post-thumbnail","hentry","category-la-liga-fr"],"_links":{"self":[{"href":"https:\/\/www.fanzword.com\/fr\/wp-json\/wp\/v2\/posts\/74932","targetHints":{"allow":["GET"]}}],"collection":[{"href":"https:\/\/www.fanzword.com\/fr\/wp-json\/wp\/v2\/posts"}],"about":[{"href":"https:\/\/www.fanzword.com\/fr\/wp-json\/wp\/v2\/types\/post"}],"author":[{"embeddable":true,"href":"https:\/\/www.fanzword.com\/fr\/wp-json\/wp\/v2\/users\/2"}],"replies":[{"embeddable":true,"href":"https:\/\/www.fanzword.com\/fr\/wp-json\/wp\/v2\/comments?post=74932"}],"version-history":[{"count":1,"href":"https:\/\/www.fanzword.com\/fr\/wp-json\/wp\/v2\/posts\/74932\/revisions"}],"predecessor-version":[{"id":74933,"href":"https:\/\/www.fanzword.com\/fr\/wp-json\/wp\/v2\/posts\/74932\/revisions\/74933"}],"wp:featuredmedia":[{"embeddable":true,"href":"https:\/\/www.fanzword.com\/fr\/wp-json\/wp\/v2\/media\/74927"}],"wp:attachment":[{"href":"https:\/\/www.fanzword.com\/fr\/wp-json\/wp\/v2\/media?parent=74932"}],"wp:term":[{"taxonomy":"category","embeddable":true,"href":"https:\/\/www.fanzword.com\/fr\/wp-json\/wp\/v2\/categories?post=74932"},{"taxonomy":"post_tag","embeddable":true,"href":"https:\/\/www.fanzword.com\/fr\/wp-json\/wp\/v2\/tags?post=74932"}],"curies":[{"name":"wp","href":"https:\/\/api.w.org\/{rel}","templated":true}]}}