{"id":74534,"date":"2026-03-03T11:03:32","date_gmt":"2026-03-03T11:03:32","guid":{"rendered":"https:\/\/www.fanzword.com\/?p=74534"},"modified":"2026-03-03T11:03:32","modified_gmt":"2026-03-03T11:03:32","slug":"les-supporters-du-real-madrid-reclament-la-demission-de-florentino-perez","status":"publish","type":"post","link":"https:\/\/www.fanzword.com\/fr\/les-supporters-du-real-madrid-reclament-la-demission-de-florentino-perez\/","title":{"rendered":"Les supporters du Real Madrid r\u00e9clament la d\u00e9mission de Florentino P\u00e9rez"},"content":{"rendered":"<p>Apr\u00e8s la d\u00e9faite 1-0 face \u00e0 Getafe lundi, les supporters du Real Madrid ont laiss\u00e9 \u00e9clater leur col\u00e8re contre le pr\u00e9sident du club, Florentino P\u00e9rez.<\/p>\n<p>Le Real Madrid a subi sa deuxi\u00e8me d\u00e9faite cons\u00e9cutive en Liga, r\u00e9duisant \u00e0 n\u00e9ant ses chances de reconqu\u00e9rir le titre, l&rsquo;\u00e9cart avec le FC Barcelone, leader du championnat, s&rsquo;\u00e9tant creus\u00e9 \u00e0 quatre points.<\/p>\n<p>Selon le quotidien AS, les supporters pr\u00e9sents au Santiago Bernab\u00e9u ont dirig\u00e9 leur col\u00e8re contre P\u00e9rez.<\/p>\n<p>Dans les dix derni\u00e8res minutes, de nombreux supporters ont quitt\u00e9 les tribunes, tandis que les autres se sont concentr\u00e9s sur P\u00e9rez, scandant \u00ab Florentino, d\u00e9missionne ! \u00bb.<\/p>\n<p>Ce n&rsquo;est pas la premi\u00e8re fois que les supporters prennent P\u00e9rez pour cible ; des sc\u00e8nes similaires s&rsquo;\u00e9taient produites lors de matchs pr\u00e9c\u00e9dents apr\u00e8s le limogeage de Xabi Alonso.<\/p>\n<p>Beaucoup pensent que P\u00e9rez est \u00e0 l&rsquo;origine de tout ce que le Real Madrid a accompli cette saison, apr\u00e8s avoir refus\u00e9 de conclure certains transferts, soutenu un certain nombre de joueurs au sein de l&rsquo;\u00e9quipe sans en avoir besoin, et finalement nomm\u00e9 puis limog\u00e9 Ancelotti \u00e0 mi-saison.<\/p>\n","protected":false},"excerpt":{"rendered":"<p>Apr\u00e8s la d\u00e9faite 1-0 face \u00e0 Getafe lundi, les supporters du Real Madrid ont laiss\u00e9 \u00e9clater leur col\u00e8re contre le pr\u00e9sident du club, Florentino P\u00e9rez. Le Real Madrid a subi sa deuxi\u00e8me d\u00e9faite cons\u00e9cutive en Liga, r\u00e9duisant \u00e0 n\u00e9ant ses chances de reconqu\u00e9rir le titre, l&rsquo;\u00e9cart avec le FC Barcelone, leader du championnat, s&rsquo;\u00e9tant creus\u00e9 [&hellip;]<\/p>\n","protected":false},"author":2,"featured_media":74529,"comment_status":"closed","ping_status":"closed","sticky":false,"template":"","format":"standard","meta":{"sfio_featured_image":false,"sfio_embed_code":"","footnotes":""},"categories":[220,222],"tags":[],"class_list":["post-74534","post","type-post","status-publish","format-standard","has-post-thumbnail","hentry","category-la-liga-fr","category-real-madrid-fr"],"_links":{"self":[{"href":"https:\/\/www.fanzword.com\/fr\/wp-json\/wp\/v2\/posts\/74534","targetHints":{"allow":["GET"]}}],"collection":[{"href":"https:\/\/www.fanzword.com\/fr\/wp-json\/wp\/v2\/posts"}],"about":[{"href":"https:\/\/www.fanzword.com\/fr\/wp-json\/wp\/v2\/types\/post"}],"author":[{"embeddable":true,"href":"https:\/\/www.fanzword.com\/fr\/wp-json\/wp\/v2\/users\/2"}],"replies":[{"embeddable":true,"href":"https:\/\/www.fanzword.com\/fr\/wp-json\/wp\/v2\/comments?post=74534"}],"version-history":[{"count":1,"href":"https:\/\/www.fanzword.com\/fr\/wp-json\/wp\/v2\/posts\/74534\/revisions"}],"predecessor-version":[{"id":74535,"href":"https:\/\/www.fanzword.com\/fr\/wp-json\/wp\/v2\/posts\/74534\/revisions\/74535"}],"wp:featuredmedia":[{"embeddable":true,"href":"https:\/\/www.fanzword.com\/fr\/wp-json\/wp\/v2\/media\/74529"}],"wp:attachment":[{"href":"https:\/\/www.fanzword.com\/fr\/wp-json\/wp\/v2\/media?parent=74534"}],"wp:term":[{"taxonomy":"category","embeddable":true,"href":"https:\/\/www.fanzword.com\/fr\/wp-json\/wp\/v2\/categories?post=74534"},{"taxonomy":"post_tag","embeddable":true,"href":"https:\/\/www.fanzword.com\/fr\/wp-json\/wp\/v2\/tags?post=74534"}],"curies":[{"name":"wp","href":"https:\/\/api.w.org\/{rel}","templated":true}]}}