{"id":74500,"date":"2026-03-02T18:53:53","date_gmt":"2026-03-02T18:53:53","guid":{"rendered":"https:\/\/www.fanzword.com\/?p=74500"},"modified":"2026-03-02T18:53:53","modified_gmt":"2026-03-02T18:53:53","slug":"annonce-du-real-madrid-mbappe-va-t-il-se-faire-operer-du-genou","status":"publish","type":"post","link":"https:\/\/www.fanzword.com\/fr\/annonce-du-real-madrid-mbappe-va-t-il-se-faire-operer-du-genou\/","title":{"rendered":"Annonce du Real Madrid : Mbapp\u00e9 va-t-il se faire op\u00e9rer du genou ?"},"content":{"rendered":"<p>Le Real Madrid a confirm\u00e9 dans un communiqu\u00e9 officiel que Kylian Mbapp\u00e9 ne subira pas d&rsquo;op\u00e9ration du genou et b\u00e9n\u00e9ficiera d&rsquo;un traitement conservateur pour soulager sa douleur.<\/p>\n<p>Mbapp\u00e9 est absent du Real Madrid depuis une semaine suite \u00e0 une r\u00e9cidive de ses douleurs au genou, alimentant les rumeurs d&rsquo;une possible intervention chirurgicale qui aurait pu mettre un terme \u00e0 sa saison.<\/p>\n<p>Par ailleurs, il a \u00e9t\u00e9 rapport\u00e9 que Mbapp\u00e9, en manque de confiance envers le staff m\u00e9dical du Real Madrid, aurait consult\u00e9 des m\u00e9decins fran\u00e7ais \u00e0 l&rsquo;insu du club afin de d\u00e9terminer le meilleur traitement.<\/p>\n<p>Le Real Madrid a d\u00e9menti ces rumeurs, annon\u00e7ant que Mbapp\u00e9 ne sera pas op\u00e9r\u00e9 et confirmant que la consultation avec les m\u00e9decins fran\u00e7ais a \u00e9t\u00e9 men\u00e9e en collaboration avec l&rsquo;\u00e9quipe m\u00e9dicale du club.<\/p>\n<p>Le communiqu\u00e9 du Real Madrid, publi\u00e9 lundi soir, indique\u00a0: \u00ab\u00a0Suite aux examens m\u00e9dicaux pratiqu\u00e9s sur notre joueur Kylian Mbapp\u00e9 par des m\u00e9decins sp\u00e9cialistes fran\u00e7ais, sous la supervision des services m\u00e9dicaux du Real Madrid, le diagnostic d\u2019une entorse au genou gauche a \u00e9t\u00e9 confirm\u00e9.\u00bb<\/p>\n<p>Le communiqu\u00e9 ajoute\u00a0: \u00ab\u00a0Outre l\u2019efficacit\u00e9 du traitement conservateur qu\u2019il re\u00e7oit actuellement, son \u00e9tat sera surveill\u00e9 de pr\u00e8s.\u00bb<\/p>\n<p>Il est \u00e0 noter que Mbapp\u00e9 sera tr\u00e8s probablement absent pendant encore deux semaines, et le Real Madrid esp\u00e8re r\u00e9cup\u00e9rer son joueur avant le match retour des huiti\u00e8mes de finale de la Ligue des champions contre Manchester City, pr\u00e9vu le 17 mars.<\/p>\n","protected":false},"excerpt":{"rendered":"<p>Le Real Madrid a confirm\u00e9 dans un communiqu\u00e9 officiel que Kylian Mbapp\u00e9 ne subira pas d&rsquo;op\u00e9ration du genou et b\u00e9n\u00e9ficiera d&rsquo;un traitement conservateur pour soulager sa douleur. Mbapp\u00e9 est absent du Real Madrid depuis une semaine suite \u00e0 une r\u00e9cidive de ses douleurs au genou, alimentant les rumeurs d&rsquo;une possible intervention chirurgicale qui aurait pu [&hellip;]<\/p>\n","protected":false},"author":2,"featured_media":74495,"comment_status":"closed","ping_status":"closed","sticky":false,"template":"","format":"standard","meta":{"sfio_featured_image":false,"sfio_embed_code":"","footnotes":""},"categories":[219,220,222],"tags":[],"class_list":["post-74500","post","type-post","status-publish","format-standard","has-post-thumbnail","hentry","category-kylian-mbappe-fr","category-la-liga-fr","category-real-madrid-fr"],"_links":{"self":[{"href":"https:\/\/www.fanzword.com\/fr\/wp-json\/wp\/v2\/posts\/74500","targetHints":{"allow":["GET"]}}],"collection":[{"href":"https:\/\/www.fanzword.com\/fr\/wp-json\/wp\/v2\/posts"}],"about":[{"href":"https:\/\/www.fanzword.com\/fr\/wp-json\/wp\/v2\/types\/post"}],"author":[{"embeddable":true,"href":"https:\/\/www.fanzword.com\/fr\/wp-json\/wp\/v2\/users\/2"}],"replies":[{"embeddable":true,"href":"https:\/\/www.fanzword.com\/fr\/wp-json\/wp\/v2\/comments?post=74500"}],"version-history":[{"count":2,"href":"https:\/\/www.fanzword.com\/fr\/wp-json\/wp\/v2\/posts\/74500\/revisions"}],"predecessor-version":[{"id":74502,"href":"https:\/\/www.fanzword.com\/fr\/wp-json\/wp\/v2\/posts\/74500\/revisions\/74502"}],"wp:featuredmedia":[{"embeddable":true,"href":"https:\/\/www.fanzword.com\/fr\/wp-json\/wp\/v2\/media\/74495"}],"wp:attachment":[{"href":"https:\/\/www.fanzword.com\/fr\/wp-json\/wp\/v2\/media?parent=74500"}],"wp:term":[{"taxonomy":"category","embeddable":true,"href":"https:\/\/www.fanzword.com\/fr\/wp-json\/wp\/v2\/categories?post=74500"},{"taxonomy":"post_tag","embeddable":true,"href":"https:\/\/www.fanzword.com\/fr\/wp-json\/wp\/v2\/tags?post=74500"}],"curies":[{"name":"wp","href":"https:\/\/api.w.org\/{rel}","templated":true}]}}