{"id":66260,"date":"2025-12-20T15:25:08","date_gmt":"2025-12-20T15:25:08","guid":{"rendered":"https:\/\/www.fanzword.com\/?p=66260"},"modified":"2025-12-20T15:25:08","modified_gmt":"2025-12-20T15:25:08","slug":"thiago-silva-rejoint-un-geant-europeen","status":"publish","type":"post","link":"https:\/\/www.fanzword.com\/fr\/thiago-silva-rejoint-un-geant-europeen\/","title":{"rendered":"Thiago Silva rejoint un g\u00e9ant europ\u00e9en"},"content":{"rendered":"<p>Thiago Silva a finalis\u00e9 un accord avec un grand club europ\u00e9en pour un retour sur le continent, le temps d&rsquo;un contrat de courte dur\u00e9e, en vue de la Coupe du Monde 2026.<\/p>\n<p>\u00c2g\u00e9 de 41 ans, Silva a r\u00e9sili\u00e9 son contrat avec Fluminense \u00e0 son propre chef, souhaitant disputer un dernier match en Europe avant de prendre sa retraite.<\/p>\n<p>Selon le journaliste Fabrizio Romano, Thiago Silva a d\u00e9j\u00e0 sign\u00e9 avec le FC Porto, marquant ainsi son retour chez les Dragons pour un second passage.<\/p>\n<p>L&rsquo;international br\u00e9silien terminera la saison en cours \u00e0 Porto, avec une option pour une ann\u00e9e suppl\u00e9mentaire d&rsquo;un commun accord.<\/p>\n<p>Porto a \u00e9t\u00e9 le premier club europ\u00e9en de Silva, qu&rsquo;il a rejoint il y a 20 ans, en janvier 2005. Il n&rsquo;y est rest\u00e9 que six mois avant de rejoindre le Dynamo Moscou.<\/p>\n<p>Silva esp\u00e8re convaincre Carlo Ancelotti qu&rsquo;il a encore des atouts \u00e0 offrir, afin de pouvoir rejoindre le Br\u00e9sil pour la Coupe du Monde 2026, apr\u00e8s quoi il pourrait annoncer sa retraite.<\/p>\n<p>Ce d\u00e9fenseur central br\u00e9silien est consid\u00e9r\u00e9 comme l&rsquo;un des meilleurs d\u00e9fenseurs au monde de ces vingt derni\u00e8res ann\u00e9es. Il a \u00e9volu\u00e9 dans des clubs prestigieux tels que l&rsquo;AC Milan, le Paris Saint-Germain et Chelsea. Il a remport\u00e9 de nombreux titres, dont la Ligue des champions avec les Blues en 2021.<\/p>\n","protected":false},"excerpt":{"rendered":"<p>Thiago Silva a finalis\u00e9 un accord avec un grand club europ\u00e9en pour un retour sur le continent, le temps d&rsquo;un contrat de courte dur\u00e9e, en vue de la Coupe du Monde 2026. \u00c2g\u00e9 de 41 ans, Silva a r\u00e9sili\u00e9 son contrat avec Fluminense \u00e0 son propre chef, souhaitant disputer un dernier match en Europe avant [&hellip;]<\/p>\n","protected":false},"author":2,"featured_media":66255,"comment_status":"closed","ping_status":"closed","sticky":false,"template":"","format":"standard","meta":{"sfio_featured_image":false,"sfio_embed_code":"","footnotes":""},"categories":[233],"tags":[],"class_list":["post-66260","post","type-post","status-publish","format-standard","has-post-thumbnail","hentry","category-transferts"],"_links":{"self":[{"href":"https:\/\/www.fanzword.com\/fr\/wp-json\/wp\/v2\/posts\/66260","targetHints":{"allow":["GET"]}}],"collection":[{"href":"https:\/\/www.fanzword.com\/fr\/wp-json\/wp\/v2\/posts"}],"about":[{"href":"https:\/\/www.fanzword.com\/fr\/wp-json\/wp\/v2\/types\/post"}],"author":[{"embeddable":true,"href":"https:\/\/www.fanzword.com\/fr\/wp-json\/wp\/v2\/users\/2"}],"replies":[{"embeddable":true,"href":"https:\/\/www.fanzword.com\/fr\/wp-json\/wp\/v2\/comments?post=66260"}],"version-history":[{"count":1,"href":"https:\/\/www.fanzword.com\/fr\/wp-json\/wp\/v2\/posts\/66260\/revisions"}],"predecessor-version":[{"id":66261,"href":"https:\/\/www.fanzword.com\/fr\/wp-json\/wp\/v2\/posts\/66260\/revisions\/66261"}],"wp:featuredmedia":[{"embeddable":true,"href":"https:\/\/www.fanzword.com\/fr\/wp-json\/wp\/v2\/media\/66255"}],"wp:attachment":[{"href":"https:\/\/www.fanzword.com\/fr\/wp-json\/wp\/v2\/media?parent=66260"}],"wp:term":[{"taxonomy":"category","embeddable":true,"href":"https:\/\/www.fanzword.com\/fr\/wp-json\/wp\/v2\/categories?post=66260"},{"taxonomy":"post_tag","embeddable":true,"href":"https:\/\/www.fanzword.com\/fr\/wp-json\/wp\/v2\/tags?post=66260"}],"curies":[{"name":"wp","href":"https:\/\/api.w.org\/{rel}","templated":true}]}}