{"id":65324,"date":"2025-12-09T20:40:19","date_gmt":"2025-12-09T20:40:19","guid":{"rendered":"https:\/\/www.fanzword.com\/?p=65324"},"modified":"2025-12-09T20:40:19","modified_gmt":"2025-12-09T20:40:19","slug":"le-bayern-munich-refuse-de-recruter-mohamed-salah","status":"publish","type":"post","link":"https:\/\/www.fanzword.com\/fr\/le-bayern-munich-refuse-de-recruter-mohamed-salah\/","title":{"rendered":"Le Bayern Munich refuse de recruter Mohamed Salah"},"content":{"rendered":"<p>Le directeur sportif du Bayern Munich, Max Eberl, a confirm\u00e9 que le club allemand n&rsquo;\u00e9tait pas int\u00e9ress\u00e9 par le recrutement de Mohamed Salah lors du prochain mercato hivernal.<\/p>\n<p>Salah devrait quitter Liverpool en janvier en raison de d\u00e9saccords avec l&rsquo;entra\u00eeneur Arne Slott, et la direction des Reds devrait faciliter le d\u00e9part de l&rsquo;\u00c9gyptien si elle d\u00e9cide qu&rsquo;il doit quitter Anfield.<\/p>\n<p>Avant le match du Bayern Munich contre le Sporting Lisbonne, Eberl a \u00e9t\u00e9 interrog\u00e9 sur la possibilit\u00e9 d&rsquo;un transfert au Bayern Munich pour le \u00ab\u00a0Roi \u00e9gyptien\u00a0\u00bb en cas de d\u00e9part de Liverpool.<\/p>\n<p>Eberl a r\u00e9pondu sans ambages\u00a0: \u00ab\u00a0Nous avons un talent exceptionnel en la personne de Lennart Carl. Il serait absurde de recruter un autre joueur au m\u00eame poste.\u00bb<\/p>\n<p>Carl est consid\u00e9r\u00e9 comme l&rsquo;un des plus grands espoirs du football mondial actuel et s&rsquo;est impos\u00e9 comme un joueur cl\u00e9 sous les ordres de Vincent Kompany, b\u00e9n\u00e9ficiant du soutien ind\u00e9fectible de la direction du Bayern Munich.<\/p>\n<p>Carl, \u00e2g\u00e9 de 18 ans, a inscrit le but qui a permis au Bayern Munich de remporter une importante victoire 3-1 face au Sporting Lisbonne \u00e0 l&rsquo;Allianz Arena mardi.<\/p>\n","protected":false},"excerpt":{"rendered":"<p>Le directeur sportif du Bayern Munich, Max Eberl, a confirm\u00e9 que le club allemand n&rsquo;\u00e9tait pas int\u00e9ress\u00e9 par le recrutement de Mohamed Salah lors du prochain mercato hivernal. Salah devrait quitter Liverpool en janvier en raison de d\u00e9saccords avec l&rsquo;entra\u00eeneur Arne Slott, et la direction des Reds devrait faciliter le d\u00e9part de l&rsquo;\u00c9gyptien si elle [&hellip;]<\/p>\n","protected":false},"author":2,"featured_media":65318,"comment_status":"closed","ping_status":"closed","sticky":false,"template":"","format":"standard","meta":{"sfio_featured_image":false,"sfio_embed_code":"","footnotes":""},"categories":[225,211,214],"tags":[],"class_list":["post-65324","post","type-post","status-publish","format-standard","has-post-thumbnail","hentry","category-bayern-munich-fr","category-bundesliga","category-mohamed-salah-fr"],"_links":{"self":[{"href":"https:\/\/www.fanzword.com\/fr\/wp-json\/wp\/v2\/posts\/65324","targetHints":{"allow":["GET"]}}],"collection":[{"href":"https:\/\/www.fanzword.com\/fr\/wp-json\/wp\/v2\/posts"}],"about":[{"href":"https:\/\/www.fanzword.com\/fr\/wp-json\/wp\/v2\/types\/post"}],"author":[{"embeddable":true,"href":"https:\/\/www.fanzword.com\/fr\/wp-json\/wp\/v2\/users\/2"}],"replies":[{"embeddable":true,"href":"https:\/\/www.fanzword.com\/fr\/wp-json\/wp\/v2\/comments?post=65324"}],"version-history":[{"count":1,"href":"https:\/\/www.fanzword.com\/fr\/wp-json\/wp\/v2\/posts\/65324\/revisions"}],"predecessor-version":[{"id":65325,"href":"https:\/\/www.fanzword.com\/fr\/wp-json\/wp\/v2\/posts\/65324\/revisions\/65325"}],"wp:featuredmedia":[{"embeddable":true,"href":"https:\/\/www.fanzword.com\/fr\/wp-json\/wp\/v2\/media\/65318"}],"wp:attachment":[{"href":"https:\/\/www.fanzword.com\/fr\/wp-json\/wp\/v2\/media?parent=65324"}],"wp:term":[{"taxonomy":"category","embeddable":true,"href":"https:\/\/www.fanzword.com\/fr\/wp-json\/wp\/v2\/categories?post=65324"},{"taxonomy":"post_tag","embeddable":true,"href":"https:\/\/www.fanzword.com\/fr\/wp-json\/wp\/v2\/tags?post=65324"}],"curies":[{"name":"wp","href":"https:\/\/api.w.org\/{rel}","templated":true}]}}