{"id":62579,"date":"2025-11-09T15:03:57","date_gmt":"2025-11-09T15:03:57","guid":{"rendered":"https:\/\/www.fanzword.com\/?p=62579"},"modified":"2025-11-09T15:03:57","modified_gmt":"2025-11-09T15:03:57","slug":"rayo-vallecano-real-madrid-diffusion-en-direct-la-liga-2025-26","status":"publish","type":"post","link":"https:\/\/www.fanzword.com\/fr\/rayo-vallecano-real-madrid-diffusion-en-direct-la-liga-2025-26\/","title":{"rendered":"Rayo Vallecano &#8211; Real Madrid : Diffusion en direct (La Liga 2025-26)"},"content":{"rendered":"<p>Le Real Madrid esp\u00e8re renouer avec la victoire lors de son d\u00e9placement \u00e0 Vallecano pour affronter le Rayo, dans le cadre de la douzi\u00e8me journ\u00e9e de Liga, apr\u00e8s sa d\u00e9faite d\u00e9cevante face \u00e0 Liverpool en Ligue des Champions.<\/p>\n<p>Les Merengues abordent cette rencontre en t\u00eate du classement avec 30 points, soit cinq points d&rsquo;avance sur Barcelone. Le Rayo, quant \u00e0 lui, occupe la dixi\u00e8me place avec 14 points en 11 matchs.<\/p>\n<blockquote class=\"twitter-tweet\">\n<p dir=\"ltr\" lang=\"es\">\ud83d\udccb\u2705 \u00a1Nuestro XI inicial!<br \/>\n\ud83c\udd9a <a href=\"https:\/\/twitter.com\/RayoVallecano?ref_src=twsrc%5Etfw\" rel=\"nofollow noopener\" target=\"_blank\">@RayoVallecano<\/a><br \/>\n\ud83d\udc49 <a href=\"https:\/\/twitter.com\/UnicajaBanco?ref_src=twsrc%5Etfw\" rel=\"nofollow noopener\" target=\"_blank\">@UnicajaBanco<\/a> <a href=\"https:\/\/t.co\/B4IED4ECpl\" rel=\"nofollow\">pic.twitter.com\/B4IED4ECpl<\/a><\/p>\n<p>\u2014 Real Madrid C.F. (@realmadrid) <a href=\"https:\/\/twitter.com\/realmadrid\/status\/1987520022424568134?ref_src=twsrc%5Etfw\" rel=\"nofollow noopener\" target=\"_blank\">November 9, 2025<\/a><\/p><\/blockquote>\n<p><script async src=\"https:\/\/platform.twitter.com\/widgets.js\" charset=\"utf-8\"><\/script><br \/>\nMalgr\u00e9 la domination historique du Real Madrid dans ces confrontations (37 victoires en 46 matchs), les rencontres r\u00e9centes ont \u00e9t\u00e9 disput\u00e9es, le dernier match s&rsquo;\u00e9tant sold\u00e9 par un match nul 3-3.<\/p>\n<p>La rencontre ne sera pas facile, car le Rayo ne s&rsquo;est inclin\u00e9 qu&rsquo;une seule fois \u00e0 domicile cette saison (face \u00e0 S\u00e9ville), et les Merengues ont conc\u00e9d\u00e9 le nul lors de leurs deux derniers d\u00e9placements dans ce stade.<\/p>\n<h2>Comment regarder Rayo Vallecano &#8211; Real Madrid en direct ?<\/h2>\n<p>Le match Rayo Vallecano &#8211; Real Madrid, comptant pour la Liga 2025-2026, sera diffus\u00e9 en ligne via l&rsquo;application \u00ab\u00a0TOD\u00a0\u00bb.<\/p>\n<h2>Quelles sont les cha\u00eenes diffusant le match Rayo Vallecano &#8211; Real Madrid\u00a0?<\/h2>\n<p>Le r\u00e9seau beIN Sports d\u00e9tient les droits exclusifs de diffusion des matchs de Liga.<\/p>\n<p>Vous pourrez donc suivre le match Rayo Vallecano &#8211; Real Madrid sur ses cha\u00eenes. La cha\u00eene beIN Sports 2 HD sera d\u00e9di\u00e9e \u00e0 la diffusion de cette rencontre tr\u00e8s attendue.<\/p>\n<h2>Quand aura lieu le match Rayo Vallecano &#8211; Real Madrid\u00a0?<\/h2>\n<p>Le match Rayo Vallecano &#8211; Real Madrid, comptant pour la Liga, se d\u00e9roulera le dimanche 9 novembre 2025 au stade Teresa Rivero. Le coup d&rsquo;envoi sera donn\u00e9 \u00e0 18h15 (heure d&rsquo;Arabie saoudite) et \u00e0 19h15 (heure des \u00c9mirats arabes unis).<\/p>\n","protected":false},"excerpt":{"rendered":"<p>Le Real Madrid esp\u00e8re renouer avec la victoire lors de son d\u00e9placement \u00e0 Vallecano pour affronter le Rayo, dans le cadre de la douzi\u00e8me journ\u00e9e de Liga, apr\u00e8s sa d\u00e9faite d\u00e9cevante face \u00e0 Liverpool en Ligue des Champions. Les Merengues abordent cette rencontre en t\u00eate du classement avec 30 points, soit cinq points d&rsquo;avance sur [&hellip;]<\/p>\n","protected":false},"author":2,"featured_media":62576,"comment_status":"closed","ping_status":"closed","sticky":false,"template":"","format":"standard","meta":{"sfio_featured_image":false,"sfio_embed_code":"","footnotes":""},"categories":[220,222],"tags":[],"class_list":["post-62579","post","type-post","status-publish","format-standard","has-post-thumbnail","hentry","category-la-liga-fr","category-real-madrid-fr"],"_links":{"self":[{"href":"https:\/\/www.fanzword.com\/fr\/wp-json\/wp\/v2\/posts\/62579","targetHints":{"allow":["GET"]}}],"collection":[{"href":"https:\/\/www.fanzword.com\/fr\/wp-json\/wp\/v2\/posts"}],"about":[{"href":"https:\/\/www.fanzword.com\/fr\/wp-json\/wp\/v2\/types\/post"}],"author":[{"embeddable":true,"href":"https:\/\/www.fanzword.com\/fr\/wp-json\/wp\/v2\/users\/2"}],"replies":[{"embeddable":true,"href":"https:\/\/www.fanzword.com\/fr\/wp-json\/wp\/v2\/comments?post=62579"}],"version-history":[{"count":1,"href":"https:\/\/www.fanzword.com\/fr\/wp-json\/wp\/v2\/posts\/62579\/revisions"}],"predecessor-version":[{"id":62580,"href":"https:\/\/www.fanzword.com\/fr\/wp-json\/wp\/v2\/posts\/62579\/revisions\/62580"}],"wp:featuredmedia":[{"embeddable":true,"href":"https:\/\/www.fanzword.com\/fr\/wp-json\/wp\/v2\/media\/62576"}],"wp:attachment":[{"href":"https:\/\/www.fanzword.com\/fr\/wp-json\/wp\/v2\/media?parent=62579"}],"wp:term":[{"taxonomy":"category","embeddable":true,"href":"https:\/\/www.fanzword.com\/fr\/wp-json\/wp\/v2\/categories?post=62579"},{"taxonomy":"post_tag","embeddable":true,"href":"https:\/\/www.fanzword.com\/fr\/wp-json\/wp\/v2\/tags?post=62579"}],"curies":[{"name":"wp","href":"https:\/\/api.w.org\/{rel}","templated":true}]}}