{"id":62314,"date":"2025-11-07T09:36:48","date_gmt":"2025-11-07T09:36:48","guid":{"rendered":"https:\/\/www.fanzword.com\/?p=62314"},"modified":"2025-11-07T09:36:48","modified_gmt":"2025-11-07T09:36:48","slug":"blessures-de-tchouameni-et-valverde-annoncees-pour-une-duree-indeterminee","status":"publish","type":"post","link":"https:\/\/www.fanzword.com\/fr\/blessures-de-tchouameni-et-valverde-annoncees-pour-une-duree-indeterminee\/","title":{"rendered":"Blessures de Tchouam\u00e9ni et Valverde annonc\u00e9es pour une dur\u00e9e ind\u00e9termin\u00e9e"},"content":{"rendered":"<p>Apr\u00e8s sa d\u00e9faite 1-0 face \u00e0 Liverpool \u00e0 Anfield en Ligue des Champions, le Real Madrid a re\u00e7u des nouvelles mitig\u00e9es, une bonne et une mauvaise.<\/p>\n<p>Fede Valverde a r\u00e9v\u00e9l\u00e9 aux m\u00e9dias que sa sortie en fin de match \u00e9tait due \u00e0 une douleur et qu&rsquo;il avait pass\u00e9 des examens m\u00e9dicaux ces derni\u00e8res heures pour d\u00e9terminer la nature de sa blessure.<\/p>\n<p>Selon AS, Valverde n&rsquo;est pas bless\u00e9 et devrait \u00eatre disponible pour le match de dimanche contre le Rayo Vallecano.<\/p>\n<p>En revanche, la mauvaise nouvelle est qu&rsquo;un autre joueur cl\u00e9, Aur\u00e9lien Tchouam\u00e9ni, est \u00e9galement bless\u00e9.<\/p>\n<p>D&rsquo;apr\u00e8s un communiqu\u00e9 officiel du Real Madrid, le Fran\u00e7ais souffre d&rsquo;une blessure aux ischio-jambiers de la jambe gauche, blessure qu&rsquo;il avait d\u00e9j\u00e0 contract\u00e9e lors du match contre Liverpool, malgr\u00e9 avoir jou\u00e9 l&rsquo;int\u00e9gralit\u00e9 des 90 minutes.<\/p>\n<p>AS indique que Tchouam\u00e9ni aura besoin d&rsquo;au moins trois semaines pour se r\u00e9tablir et revenir sur le terrain avec le Real Madrid.<\/p>\n<p>Le joueur de 24 ans manquera les prochains matchs internationaux de l&rsquo;\u00e9quipe de France, ainsi que les rencontres face \u00e0 Elche, l&rsquo;Olympiacos et G\u00e9rone. Son retour est pr\u00e9vu \u00e0 San Mam\u00e9s contre l&rsquo;Athletic Bilbao le 3 d\u00e9cembre.<\/p>\n<p>Tchouam\u00e9ni vient ainsi s&rsquo;ajouter \u00e0 la liste des bless\u00e9s du Real Madrid, qui compte d\u00e9j\u00e0 Antonio R\u00fcdiger, David Alaba et Franco Mastantonu.<\/p>\n","protected":false},"excerpt":{"rendered":"<p>Apr\u00e8s sa d\u00e9faite 1-0 face \u00e0 Liverpool \u00e0 Anfield en Ligue des Champions, le Real Madrid a re\u00e7u des nouvelles mitig\u00e9es, une bonne et une mauvaise. Fede Valverde a r\u00e9v\u00e9l\u00e9 aux m\u00e9dias que sa sortie en fin de match \u00e9tait due \u00e0 une douleur et qu&rsquo;il avait pass\u00e9 des examens m\u00e9dicaux ces derni\u00e8res heures pour [&hellip;]<\/p>\n","protected":false},"author":2,"featured_media":62310,"comment_status":"closed","ping_status":"closed","sticky":false,"template":"","format":"standard","meta":{"sfio_featured_image":false,"sfio_embed_code":"","footnotes":""},"categories":[220,222],"tags":[],"class_list":["post-62314","post","type-post","status-publish","format-standard","has-post-thumbnail","hentry","category-la-liga-fr","category-real-madrid-fr"],"_links":{"self":[{"href":"https:\/\/www.fanzword.com\/fr\/wp-json\/wp\/v2\/posts\/62314","targetHints":{"allow":["GET"]}}],"collection":[{"href":"https:\/\/www.fanzword.com\/fr\/wp-json\/wp\/v2\/posts"}],"about":[{"href":"https:\/\/www.fanzword.com\/fr\/wp-json\/wp\/v2\/types\/post"}],"author":[{"embeddable":true,"href":"https:\/\/www.fanzword.com\/fr\/wp-json\/wp\/v2\/users\/2"}],"replies":[{"embeddable":true,"href":"https:\/\/www.fanzword.com\/fr\/wp-json\/wp\/v2\/comments?post=62314"}],"version-history":[{"count":1,"href":"https:\/\/www.fanzword.com\/fr\/wp-json\/wp\/v2\/posts\/62314\/revisions"}],"predecessor-version":[{"id":62315,"href":"https:\/\/www.fanzword.com\/fr\/wp-json\/wp\/v2\/posts\/62314\/revisions\/62315"}],"wp:featuredmedia":[{"embeddable":true,"href":"https:\/\/www.fanzword.com\/fr\/wp-json\/wp\/v2\/media\/62310"}],"wp:attachment":[{"href":"https:\/\/www.fanzword.com\/fr\/wp-json\/wp\/v2\/media?parent=62314"}],"wp:term":[{"taxonomy":"category","embeddable":true,"href":"https:\/\/www.fanzword.com\/fr\/wp-json\/wp\/v2\/categories?post=62314"},{"taxonomy":"post_tag","embeddable":true,"href":"https:\/\/www.fanzword.com\/fr\/wp-json\/wp\/v2\/tags?post=62314"}],"curies":[{"name":"wp","href":"https:\/\/api.w.org\/{rel}","templated":true}]}}