{"id":59031,"date":"2025-09-30T18:46:37","date_gmt":"2025-09-30T18:46:37","guid":{"rendered":"https:\/\/www.fanzword.com\/?p=59031"},"modified":"2025-09-30T18:46:37","modified_gmt":"2025-09-30T18:46:37","slug":"mbappe-brille-et-inscrit-un-triple-lors-du-match-real-madrid-kairat","status":"publish","type":"post","link":"https:\/\/www.fanzword.com\/fr\/mbappe-brille-et-inscrit-un-triple-lors-du-match-real-madrid-kairat\/","title":{"rendered":"Mbapp\u00e9 brille et inscrit un tripl\u00e9 lors du match Real Madrid-Kairat"},"content":{"rendered":"<p>Kylian Mbapp\u00e9 a confirm\u00e9 sa belle forme avec le Real Madrid, inscrivant un tripl\u00e9 lors de la victoire 5-0 du club contre le Kairat au deuxi\u00e8me tour de la Ligue des champions.<\/p>\n<p>La star fran\u00e7aise a ouvert le score \u00e0 la 25e minute sur penalty, puis a profit\u00e9 d&rsquo;une passe brillante de Thibaut Courtois pour inscrire le deuxi\u00e8me but \u00e0 la 52e minute.<\/p>\n<p>\u00c0 la 73e minute, Arda G\u00fcler a servi Mbapp\u00e9 d&rsquo;une superbe passe \u00e0 une touche de balle. Ce dernier a frapp\u00e9 d&rsquo;une frappe puissante pour inscrire son troisi\u00e8me but du match et compl\u00e9ter son tripl\u00e9.<\/p>\n<p>Il s&rsquo;agit du quatri\u00e8me tripl\u00e9 de Mbapp\u00e9 pour le Real Madrid\u00a0; le premier contre Valladolid en janvier dernier en Liga, le deuxi\u00e8me contre Manchester City en Ligue des champions, et le plus r\u00e9cent lors de la d\u00e9faite 4-3 lors du Cl\u00e1sico contre Barcelone en mai dernier.<\/p>\n<p>Il s&rsquo;agit du quatri\u00e8me tripl\u00e9 de Mbapp\u00e9 en Ligue des champions, \u00e9galant ainsi le record de Karim Benzema et se rapprochant de celui des l\u00e9gendaires Lionel Messi et Cristiano Ronaldo (8 tripl\u00e9s).<\/p>\n<p>Au total, Mbapp\u00e9 a marqu\u00e9 lors de chacun de ses matchs disput\u00e9s en septembre 2025\u00a0: un but contre la Real Sociedad, l&rsquo;Espanyol et l&rsquo;Atl\u00e9tico Madrid, deux buts contre Levante et enfin un tripl\u00e9 contre le Kairat.<\/p>\n<p>Mbapp\u00e9 a d\u00e9sormais inscrit 13 buts en neuf matchs pour le Real Madrid, toutes comp\u00e9titions confondues, cette saison.<\/p>\n<blockquote class=\"twitter-tweet\">\n<p dir=\"rtl\" lang=\"ar\">\u26bd\ufe0f\ud83e\udd45 \u0643\u064a\u0644\u064a\u0627\u0646 \u0645\u0628\u0627\u0628\u064a \u064a\u0641\u062a\u062a\u062d \u0627\u0644\u062a\u0633\u062c\u064a\u0644 \u0644\u0644\u0646\u0627\u062f\u064a \u0627\u0644\u0645\u0644\u0643\u064a \u0645\u0646 \u0631\u0643\u0644\u0629 \u062c\u0632\u0627\u0621<a href=\"https:\/\/twitter.com\/hashtag\/%D8%AF%D9%88%D8%B1%D9%8A_%D8%A3%D8%A8%D8%B7%D8%A7%D9%84_%D8%A3%D9%88%D8%B1%D9%88%D8%A8%D8%A7?src=hash&amp;ref_src=twsrc%5Etfw\" rel=\"nofollow noopener\" target=\"_blank\">#\u062f\u0648\u0631\u064a_\u0623\u0628\u0637\u0627\u0644_\u0623\u0648\u0631\u0648\u0628\u0627<\/a> <a href=\"https:\/\/twitter.com\/hashtag\/UCL?src=hash&amp;ref_src=twsrc%5Etfw\" rel=\"nofollow noopener\" target=\"_blank\">#UCL<\/a> <a href=\"https:\/\/t.co\/WFZJclERCf\" rel=\"nofollow\">pic.twitter.com\/WFZJclERCf<\/a><\/p>\n<p>\u2014 beIN SPORTS (@beINSPORTS) <a href=\"https:\/\/twitter.com\/beINSPORTS\/status\/1973074912228118984?ref_src=twsrc%5Etfw\" rel=\"nofollow noopener\" target=\"_blank\">September 30, 2025<\/a><\/p><\/blockquote>\n<p><script async src=\"https:\/\/platform.twitter.com\/widgets.js\" charset=\"utf-8\"><\/script><\/p>\n<blockquote class=\"twitter-tweet\">\n<p dir=\"rtl\" lang=\"ar\">\u26bd\ufe0f\ud83e\udd45 \u062a\u0645\u0631\u064a\u0631\u0629 \u062d\u0627\u0633\u0645\u0629 \u0645\u0646 \u0627\u0644\u062d\u0627\u0631\u0633 \u062a\u064a\u0628\u0648 \u0643\u0648\u0631\u062a\u0648\u0627 \u0623\u062d\u0633\u0646 \u0643\u064a\u0644\u064a\u0627\u0646 \u0645\u0628\u0627\u0628\u064a \u0627\u0633\u062a\u063a\u0644\u0627\u0644\u0647\u0627 \u0644\u064a\u0639\u0632\u0651\u0632 \u062a\u0642\u062f\u0645 \u0631\u064a\u0627\u0644 \u0645\u062f\u0631\u064a\u062f<a href=\"https:\/\/twitter.com\/hashtag\/%D8%AF%D9%88%D8%B1%D9%8A_%D8%A3%D8%A8%D8%B7%D8%A7%D9%84_%D8%A3%D9%88%D8%B1%D9%88%D8%A8%D8%A7?src=hash&amp;ref_src=twsrc%5Etfw\" rel=\"nofollow noopener\" target=\"_blank\">#\u062f\u0648\u0631\u064a_\u0623\u0628\u0637\u0627\u0644_\u0623\u0648\u0631\u0648\u0628\u0627<\/a> <a href=\"https:\/\/twitter.com\/hashtag\/UCL?src=hash&amp;ref_src=twsrc%5Etfw\" rel=\"nofollow noopener\" target=\"_blank\">#UCL<\/a> <a href=\"https:\/\/t.co\/PMZRymQGpx\" rel=\"nofollow\">pic.twitter.com\/PMZRymQGpx<\/a><\/p>\n<p>\u2014 beIN SPORTS (@beINSPORTS) <a href=\"https:\/\/twitter.com\/beINSPORTS\/status\/1973086463643259293?ref_src=twsrc%5Etfw\" rel=\"nofollow noopener\" target=\"_blank\">September 30, 2025<\/a><\/p><\/blockquote>\n<p><script async src=\"https:\/\/platform.twitter.com\/widgets.js\" charset=\"utf-8\"><\/script><\/p>\n<blockquote class=\"twitter-tweet\">\n<p dir=\"rtl\" lang=\"ar\">\ud83d\udd25 \u0645\u0628\u0627\u0628\u064a \u064a\u0648\u0642\u0651\u0639 \u0639\u0644\u0649 \u0627\u0644\u0647\u0627\u062a\u0631\u064a\u0643<a href=\"https:\/\/twitter.com\/hashtag\/%D8%AF%D9%88%D8%B1%D9%8A_%D8%A3%D8%A8%D8%B7%D8%A7%D9%84_%D8%A3%D9%88%D8%B1%D9%88%D8%A8%D8%A7?src=hash&amp;ref_src=twsrc%5Etfw\" rel=\"nofollow noopener\" target=\"_blank\">#\u062f\u0648\u0631\u064a_\u0623\u0628\u0637\u0627\u0644_\u0623\u0648\u0631\u0648\u0628\u0627<\/a> <a href=\"https:\/\/twitter.com\/hashtag\/UCL?src=hash&amp;ref_src=twsrc%5Etfw\" rel=\"nofollow noopener\" target=\"_blank\">#UCL<\/a> <a href=\"https:\/\/twitter.com\/hashtag\/ChampionsLeague?src=hash&amp;ref_src=twsrc%5Etfw\" rel=\"nofollow noopener\" target=\"_blank\">#ChampionsLeague<\/a> <a href=\"https:\/\/t.co\/bcX01aqUBG\" rel=\"nofollow\">pic.twitter.com\/bcX01aqUBG<\/a><\/p>\n<p>\u2014 beIN SPORTS (@beINSPORTS) <a href=\"https:\/\/twitter.com\/beINSPORTS\/status\/1973091034788720734?ref_src=twsrc%5Etfw\" rel=\"nofollow noopener\" target=\"_blank\">September 30, 2025<\/a><\/p><\/blockquote>\n<p><script async src=\"https:\/\/platform.twitter.com\/widgets.js\" charset=\"utf-8\"><\/script><\/p>\n","protected":false},"excerpt":{"rendered":"<p>Kylian Mbapp\u00e9 a confirm\u00e9 sa belle forme avec le Real Madrid, inscrivant un tripl\u00e9 lors de la victoire 5-0 du club contre le Kairat au deuxi\u00e8me tour de la Ligue des champions. La star fran\u00e7aise a ouvert le score \u00e0 la 25e minute sur penalty, puis a profit\u00e9 d&rsquo;une passe brillante de Thibaut Courtois pour [&hellip;]<\/p>\n","protected":false},"author":2,"featured_media":59025,"comment_status":"closed","ping_status":"closed","sticky":false,"template":"","format":"standard","meta":{"sfio_featured_image":false,"sfio_embed_code":"","footnotes":""},"categories":[251,222],"tags":[],"class_list":["post-59031","post","type-post","status-publish","format-standard","has-post-thumbnail","hentry","category-ligue-des-champions","category-real-madrid-fr"],"_links":{"self":[{"href":"https:\/\/www.fanzword.com\/fr\/wp-json\/wp\/v2\/posts\/59031","targetHints":{"allow":["GET"]}}],"collection":[{"href":"https:\/\/www.fanzword.com\/fr\/wp-json\/wp\/v2\/posts"}],"about":[{"href":"https:\/\/www.fanzword.com\/fr\/wp-json\/wp\/v2\/types\/post"}],"author":[{"embeddable":true,"href":"https:\/\/www.fanzword.com\/fr\/wp-json\/wp\/v2\/users\/2"}],"replies":[{"embeddable":true,"href":"https:\/\/www.fanzword.com\/fr\/wp-json\/wp\/v2\/comments?post=59031"}],"version-history":[{"count":2,"href":"https:\/\/www.fanzword.com\/fr\/wp-json\/wp\/v2\/posts\/59031\/revisions"}],"predecessor-version":[{"id":59033,"href":"https:\/\/www.fanzword.com\/fr\/wp-json\/wp\/v2\/posts\/59031\/revisions\/59033"}],"wp:featuredmedia":[{"embeddable":true,"href":"https:\/\/www.fanzword.com\/fr\/wp-json\/wp\/v2\/media\/59025"}],"wp:attachment":[{"href":"https:\/\/www.fanzword.com\/fr\/wp-json\/wp\/v2\/media?parent=59031"}],"wp:term":[{"taxonomy":"category","embeddable":true,"href":"https:\/\/www.fanzword.com\/fr\/wp-json\/wp\/v2\/categories?post=59031"},{"taxonomy":"post_tag","embeddable":true,"href":"https:\/\/www.fanzword.com\/fr\/wp-json\/wp\/v2\/tags?post=59031"}],"curies":[{"name":"wp","href":"https:\/\/api.w.org\/{rel}","templated":true}]}}