{"id":59011,"date":"2025-09-30T12:08:38","date_gmt":"2025-09-30T12:08:38","guid":{"rendered":"https:\/\/www.fanzword.com\/?p=59011"},"modified":"2025-09-30T12:08:38","modified_gmt":"2025-09-30T12:08:38","slug":"officiel-une-star-du-real-madrid-suspendue-pour-deux-matchs-de-ligue-des-champions","status":"publish","type":"post","link":"https:\/\/www.fanzword.com\/fr\/officiel-une-star-du-real-madrid-suspendue-pour-deux-matchs-de-ligue-des-champions\/","title":{"rendered":"Officiel\u00a0: Une star du Real Madrid suspendue pour deux matchs de Ligue des champions"},"content":{"rendered":"<p>L\u2019UEFA a suspendu une star du Real Madrid pour deux matchs de Ligue des champions.<\/p>\n<p>La personne concern\u00e9e par cette suspension est Dani Carvajal, qui a re\u00e7u un carton rouge lors du premier match de Marseille au Santiago Bernab\u00e9u apr\u00e8s avoir agress\u00e9 le gardien de but du club fran\u00e7ais.<\/p>\n<p>La sanction devait \u00eatre plus s\u00e9v\u00e8re, mais heureusement pour le capitaine du Real Madrid, la suspension sera r\u00e9duite \u00e0 deux matchs seulement, selon le rapport de l\u2019arbitre.<\/p>\n<p>La suspension de Carvajal s\u2019appliquera aux matchs contre le Kairat mardi et la Juventus le 22\u00a0octobre.<\/p>\n<p>En tout \u00e9tat de cause, Carvajal n\u2019a pu disputer aucun des deux matchs suite \u00e0 une blessure contract\u00e9e lors du r\u00e9cent match contre l\u2019Atl\u00e9tico de Madrid, ce qui l\u2019\u00e9cartera des terrains pendant au moins un mois.<\/p>\n<p>Un nouveau dilemme se pr\u00e9sente pour l&rsquo;entra\u00eeneur Xabi Alonso en raison de la blessure de Carvajal, compte tenu de la blessure de son co\u00e9quipier lat\u00e9ral droit Trent Alexander-Arnold, qui l&rsquo;obligera \u00e0 compter soit sur Fede Valverde soit sur Ra\u00fal Asensio \u00e0 ce poste jusqu&rsquo;\u00e0 ce que l&rsquo;un d&rsquo;eux r\u00e9cup\u00e8re.<\/p>\n","protected":false},"excerpt":{"rendered":"<p>L\u2019UEFA a suspendu une star du Real Madrid pour deux matchs de Ligue des champions. La personne concern\u00e9e par cette suspension est Dani Carvajal, qui a re\u00e7u un carton rouge lors du premier match de Marseille au Santiago Bernab\u00e9u apr\u00e8s avoir agress\u00e9 le gardien de but du club fran\u00e7ais. La sanction devait \u00eatre plus s\u00e9v\u00e8re, [&hellip;]<\/p>\n","protected":false},"author":2,"featured_media":59006,"comment_status":"closed","ping_status":"closed","sticky":false,"template":"","format":"standard","meta":{"sfio_featured_image":false,"sfio_embed_code":"","footnotes":""},"categories":[251,222],"tags":[],"class_list":["post-59011","post","type-post","status-publish","format-standard","has-post-thumbnail","hentry","category-ligue-des-champions","category-real-madrid-fr"],"_links":{"self":[{"href":"https:\/\/www.fanzword.com\/fr\/wp-json\/wp\/v2\/posts\/59011","targetHints":{"allow":["GET"]}}],"collection":[{"href":"https:\/\/www.fanzword.com\/fr\/wp-json\/wp\/v2\/posts"}],"about":[{"href":"https:\/\/www.fanzword.com\/fr\/wp-json\/wp\/v2\/types\/post"}],"author":[{"embeddable":true,"href":"https:\/\/www.fanzword.com\/fr\/wp-json\/wp\/v2\/users\/2"}],"replies":[{"embeddable":true,"href":"https:\/\/www.fanzword.com\/fr\/wp-json\/wp\/v2\/comments?post=59011"}],"version-history":[{"count":1,"href":"https:\/\/www.fanzword.com\/fr\/wp-json\/wp\/v2\/posts\/59011\/revisions"}],"predecessor-version":[{"id":59012,"href":"https:\/\/www.fanzword.com\/fr\/wp-json\/wp\/v2\/posts\/59011\/revisions\/59012"}],"wp:featuredmedia":[{"embeddable":true,"href":"https:\/\/www.fanzword.com\/fr\/wp-json\/wp\/v2\/media\/59006"}],"wp:attachment":[{"href":"https:\/\/www.fanzword.com\/fr\/wp-json\/wp\/v2\/media?parent=59011"}],"wp:term":[{"taxonomy":"category","embeddable":true,"href":"https:\/\/www.fanzword.com\/fr\/wp-json\/wp\/v2\/categories?post=59011"},{"taxonomy":"post_tag","embeddable":true,"href":"https:\/\/www.fanzword.com\/fr\/wp-json\/wp\/v2\/tags?post=59011"}],"curies":[{"name":"wp","href":"https:\/\/api.w.org\/{rel}","templated":true}]}}