{"id":58903,"date":"2025-09-29T15:20:38","date_gmt":"2025-09-29T15:20:38","guid":{"rendered":"https:\/\/www.fanzword.com\/?p=58903"},"modified":"2025-09-29T15:20:38","modified_gmt":"2025-09-29T15:20:38","slug":"le-directeur-sportif-du-bayern-munich-se-moque-du-real-madrid","status":"publish","type":"post","link":"https:\/\/www.fanzword.com\/fr\/le-directeur-sportif-du-bayern-munich-se-moque-du-real-madrid\/","title":{"rendered":"Le directeur sportif du Bayern Munich se moque du Real Madrid\u00a0!"},"content":{"rendered":"<p>Le directeur sportif du Bayern Munich, Max Eberl, s&rsquo;est moqu\u00e9 du boycott du Real Madrid lors de la r\u00e9cente c\u00e9r\u00e9monie du Ballon d&rsquo;Or, affirmant qu&rsquo;il ne le ferait jamais, quelles que soient les divergences d&rsquo;opinion avec le Conseil de France Football.<\/p>\n<p>Depuis la d\u00e9faite de Vinicius Junior en 2024, le Real Madrid a d\u00e9cid\u00e9 de ne plus participer \u00e0 la c\u00e9r\u00e9monie du Ballon d&rsquo;Or. France Football a envoy\u00e9 une d\u00e9l\u00e9gation pour tenter de r\u00e9tablir les relations avec les Merengues, mais les n\u00e9gociations entre les deux parties ont \u00e9chou\u00e9.<\/p>\n<p>Eberl \u00e9tait m\u00e9content du classement des stars du Bayern Munich au classement final du Ballon d&rsquo;Or. Michael Oliseh a termin\u00e9 30e, Jamal Musiala n&rsquo;\u00e9tait pas pr\u00e9sent et Harry Kane 13e.<\/p>\n<p>Interrog\u00e9 sur ces classements, Eberl a r\u00e9pondu\u00a0: \u00ab\u00a0Je n&rsquo;irais pas jusqu&rsquo;\u00e0 boycotter le Ballon d&rsquo;Or comme le Real Madrid, mais je ne suis pas satisfait de ces classements.\u00bb<\/p>\n<p>Il a ajout\u00e9\u00a0: \u00ab\u00a0Je comprends que les titres jouent un r\u00f4le important, mais les performances de nos joueurs, comme Jamal, Oliseh et Harry, ont \u00e9t\u00e9 exceptionnelles.\u00bb Il a ajout\u00e9\u00a0: \u00ab\u00a0Les \u00e9valuations sont subjectives, et chacun a le droit d&rsquo;exprimer son opinion. Nous ferons de notre mieux pour assurer notre succ\u00e8s collectif, et ainsi nous obtiendrons un meilleur classement.\u00bb<\/p>\n<p>Il est important de noter que le Bayern Munich n&rsquo;a remport\u00e9 que la Bundesliga l&rsquo;ann\u00e9e derni\u00e8re, tandis qu&rsquo;il a \u00e9t\u00e9 \u00e9limin\u00e9 pr\u00e9matur\u00e9ment de la Coupe d&rsquo;Allemagne et \u00e9limin\u00e9 de la Ligue des champions en quarts de finale.<\/p>\n","protected":false},"excerpt":{"rendered":"<p>Le directeur sportif du Bayern Munich, Max Eberl, s&rsquo;est moqu\u00e9 du boycott du Real Madrid lors de la r\u00e9cente c\u00e9r\u00e9monie du Ballon d&rsquo;Or, affirmant qu&rsquo;il ne le ferait jamais, quelles que soient les divergences d&rsquo;opinion avec le Conseil de France Football. Depuis la d\u00e9faite de Vinicius Junior en 2024, le Real Madrid a d\u00e9cid\u00e9 de [&hellip;]<\/p>\n","protected":false},"author":2,"featured_media":58898,"comment_status":"closed","ping_status":"closed","sticky":false,"template":"","format":"standard","meta":{"sfio_featured_image":false,"sfio_embed_code":"","footnotes":""},"categories":[225,222],"tags":[],"class_list":["post-58903","post","type-post","status-publish","format-standard","has-post-thumbnail","hentry","category-bayern-munich-fr","category-real-madrid-fr"],"_links":{"self":[{"href":"https:\/\/www.fanzword.com\/fr\/wp-json\/wp\/v2\/posts\/58903","targetHints":{"allow":["GET"]}}],"collection":[{"href":"https:\/\/www.fanzword.com\/fr\/wp-json\/wp\/v2\/posts"}],"about":[{"href":"https:\/\/www.fanzword.com\/fr\/wp-json\/wp\/v2\/types\/post"}],"author":[{"embeddable":true,"href":"https:\/\/www.fanzword.com\/fr\/wp-json\/wp\/v2\/users\/2"}],"replies":[{"embeddable":true,"href":"https:\/\/www.fanzword.com\/fr\/wp-json\/wp\/v2\/comments?post=58903"}],"version-history":[{"count":1,"href":"https:\/\/www.fanzword.com\/fr\/wp-json\/wp\/v2\/posts\/58903\/revisions"}],"predecessor-version":[{"id":58904,"href":"https:\/\/www.fanzword.com\/fr\/wp-json\/wp\/v2\/posts\/58903\/revisions\/58904"}],"wp:featuredmedia":[{"embeddable":true,"href":"https:\/\/www.fanzword.com\/fr\/wp-json\/wp\/v2\/media\/58898"}],"wp:attachment":[{"href":"https:\/\/www.fanzword.com\/fr\/wp-json\/wp\/v2\/media?parent=58903"}],"wp:term":[{"taxonomy":"category","embeddable":true,"href":"https:\/\/www.fanzword.com\/fr\/wp-json\/wp\/v2\/categories?post=58903"},{"taxonomy":"post_tag","embeddable":true,"href":"https:\/\/www.fanzword.com\/fr\/wp-json\/wp\/v2\/tags?post=58903"}],"curies":[{"name":"wp","href":"https:\/\/api.w.org\/{rel}","templated":true}]}}