{"id":58812,"date":"2025-09-28T21:05:08","date_gmt":"2025-09-28T21:05:08","guid":{"rendered":"https:\/\/www.fanzword.com\/?p=58812"},"modified":"2025-09-28T21:05:08","modified_gmt":"2025-09-28T21:05:08","slug":"rapports-ferreira-exclut-une-star-du-zamalek-du-match-contre-al-ahly","status":"publish","type":"post","link":"https:\/\/www.fanzword.com\/fr\/rapports-ferreira-exclut-une-star-du-zamalek-du-match-contre-al-ahly\/","title":{"rendered":"Rapports\u00a0: Ferreira exclut une star du Zamalek du match contre Al Ahly"},"content":{"rendered":"<p>Selon les m\u00e9dias \u00e9gyptiens, l&rsquo;entra\u00eeneur du Zamalek, Yannick Ferreira, a d\u00e9cid\u00e9 d&rsquo;exclure l&rsquo;une des stars du Ch\u00e2teau Blanc du match contre Al Ahly pr\u00e9vu lundi soir.<\/p>\n<p>Selon certaines sources, l&rsquo;entra\u00eeneur belge aurait exclu l&rsquo;ailier angolais Chico Banza de l&rsquo;\u00e9quipe du Zamalek pour le match contre Al Ahly, une d\u00e9cision controvers\u00e9e.<\/p>\n<p>Banza venait de faire son retour dans l&rsquo;\u00e9quipe du Zamalek pour le match pr\u00e9c\u00e9dent apr\u00e8s avoir \u00e9t\u00e9 suspendu deux matchs pour \u00eatre arriv\u00e9 en retard au Caire apr\u00e8s la tr\u00eave internationale. Il \u00e9tait attendu sur le banc pour le match.<\/p>\n<p>Cependant, compte tenu de la contre-performance de Banza lors des quelques minutes de jeu contre El Gouna, Ferreira a d\u00e9cid\u00e9 de l&rsquo;exclure du derby. Adam Kayed est le premier candidat au poste d&rsquo;ailier gauche, remplac\u00e9 par Ahmed Sherif.<\/p>\n<p>Banza a rejoint le Zamalek l&rsquo;\u00e9t\u00e9 dernier en provenance du club portugais d&rsquo;Estrela Amadora pour 800\u00a0000\u00a0\u20ac.<\/p>\n<p>L&rsquo;Angolais a jou\u00e9 cinq matchs pour Zamalek depuis lors, marquant deux buts contre Modern Sport et Pharco.<\/p>\n","protected":false},"excerpt":{"rendered":"<p>Selon les m\u00e9dias \u00e9gyptiens, l&rsquo;entra\u00eeneur du Zamalek, Yannick Ferreira, a d\u00e9cid\u00e9 d&rsquo;exclure l&rsquo;une des stars du Ch\u00e2teau Blanc du match contre Al Ahly pr\u00e9vu lundi soir. Selon certaines sources, l&rsquo;entra\u00eeneur belge aurait exclu l&rsquo;ailier angolais Chico Banza de l&rsquo;\u00e9quipe du Zamalek pour le match contre Al Ahly, une d\u00e9cision controvers\u00e9e. Banza venait de faire son [&hellip;]<\/p>\n","protected":false},"author":2,"featured_media":58807,"comment_status":"closed","ping_status":"closed","sticky":false,"template":"","format":"standard","meta":{"sfio_featured_image":false,"sfio_embed_code":"","footnotes":""},"categories":[245],"tags":[],"class_list":["post-58812","post","type-post","status-publish","format-standard","has-post-thumbnail","hentry","category-zamalek-fr"],"_links":{"self":[{"href":"https:\/\/www.fanzword.com\/fr\/wp-json\/wp\/v2\/posts\/58812","targetHints":{"allow":["GET"]}}],"collection":[{"href":"https:\/\/www.fanzword.com\/fr\/wp-json\/wp\/v2\/posts"}],"about":[{"href":"https:\/\/www.fanzword.com\/fr\/wp-json\/wp\/v2\/types\/post"}],"author":[{"embeddable":true,"href":"https:\/\/www.fanzword.com\/fr\/wp-json\/wp\/v2\/users\/2"}],"replies":[{"embeddable":true,"href":"https:\/\/www.fanzword.com\/fr\/wp-json\/wp\/v2\/comments?post=58812"}],"version-history":[{"count":1,"href":"https:\/\/www.fanzword.com\/fr\/wp-json\/wp\/v2\/posts\/58812\/revisions"}],"predecessor-version":[{"id":58813,"href":"https:\/\/www.fanzword.com\/fr\/wp-json\/wp\/v2\/posts\/58812\/revisions\/58813"}],"wp:featuredmedia":[{"embeddable":true,"href":"https:\/\/www.fanzword.com\/fr\/wp-json\/wp\/v2\/media\/58807"}],"wp:attachment":[{"href":"https:\/\/www.fanzword.com\/fr\/wp-json\/wp\/v2\/media?parent=58812"}],"wp:term":[{"taxonomy":"category","embeddable":true,"href":"https:\/\/www.fanzword.com\/fr\/wp-json\/wp\/v2\/categories?post=58812"},{"taxonomy":"post_tag","embeddable":true,"href":"https:\/\/www.fanzword.com\/fr\/wp-json\/wp\/v2\/tags?post=58812"}],"curies":[{"name":"wp","href":"https:\/\/api.w.org\/{rel}","templated":true}]}}