{"id":57936,"date":"2025-09-20T11:32:43","date_gmt":"2025-09-20T11:32:43","guid":{"rendered":"https:\/\/www.fanzword.com\/?p=57936"},"modified":"2025-09-20T11:32:43","modified_gmt":"2025-09-20T11:32:43","slug":"rien-de-nouveau-neymar-est-de-nouveau-blesse-et-risque-une-longue-absence","status":"publish","type":"post","link":"https:\/\/www.fanzword.com\/fr\/rien-de-nouveau-neymar-est-de-nouveau-blesse-et-risque-une-longue-absence\/","title":{"rendered":"Rien de nouveau\u2026 Neymar est de nouveau bless\u00e9 et risque une longue absence\u00a0!"},"content":{"rendered":"<p>Le sort des blessures continue de hanter la l\u00e9gende du football br\u00e9silien, Neymar, qui s&rsquo;est \u00e0 nouveau bless\u00e9 \u00e0 l&rsquo;entra\u00eenement avec Santos vendredi dernier.<\/p>\n<p>Selon un communiqu\u00e9 officiel du club, Neymar souffre d&rsquo;une d\u00e9chirure du muscle droit f\u00e9moral droit et aura besoin d&rsquo;une dur\u00e9e ind\u00e9termin\u00e9e pour r\u00e9cup\u00e9rer et reprendre les comp\u00e9titions.<\/p>\n<p>Avec ce type de blessure, l&rsquo;absence pourrait aller d&rsquo;un \u00e0 trois mois, selon la rapidit\u00e9 de la r\u00e9cup\u00e9ration et la gravit\u00e9 de la blessure. Quoi qu&rsquo;il en soit, il s&rsquo;agit d&rsquo;un nouveau coup dur pour Neymar.<\/p>\n<p>Le s\u00e9lectionneur de l&rsquo;\u00e9quipe nationale br\u00e9silienne, Carlo Ancelotti, avait pr\u00e9c\u00e9demment annonc\u00e9 que Neymar ne participerait pas \u00e0 la Coupe du monde 2026 s&rsquo;il ne continuait pas \u00e0 jouer pour Santos et ne pr\u00e9sentait pas une bonne condition physique, ce que le joueur de 33\u00a0ans n&rsquo;a pas encore r\u00e9ussi \u00e0 faire.<\/p>\n<p>Depuis qu&rsquo;il a rejoint Santos en f\u00e9vrier dernier, Neymar n&rsquo;a pas apport\u00e9 la contribution offensive requise, marquant seulement six buts et d\u00e9livrant trois passes d\u00e9cisives en 21 matchs, m\u00eame si son \u00e9quipe est actuellement en comp\u00e9tition pour rester dans le championnat br\u00e9silien.<\/p>\n","protected":false},"excerpt":{"rendered":"<p>Le sort des blessures continue de hanter la l\u00e9gende du football br\u00e9silien, Neymar, qui s&rsquo;est \u00e0 nouveau bless\u00e9 \u00e0 l&rsquo;entra\u00eenement avec Santos vendredi dernier. Selon un communiqu\u00e9 officiel du club, Neymar souffre d&rsquo;une d\u00e9chirure du muscle droit f\u00e9moral droit et aura besoin d&rsquo;une dur\u00e9e ind\u00e9termin\u00e9e pour r\u00e9cup\u00e9rer et reprendre les comp\u00e9titions. Avec ce type de [&hellip;]<\/p>\n","protected":false},"author":2,"featured_media":57931,"comment_status":"closed","ping_status":"closed","sticky":false,"template":"","format":"standard","meta":{"sfio_featured_image":false,"sfio_embed_code":"","footnotes":""},"categories":[221],"tags":[],"class_list":["post-57936","post","type-post","status-publish","format-standard","has-post-thumbnail","hentry","category-barcelona-fr"],"_links":{"self":[{"href":"https:\/\/www.fanzword.com\/fr\/wp-json\/wp\/v2\/posts\/57936","targetHints":{"allow":["GET"]}}],"collection":[{"href":"https:\/\/www.fanzword.com\/fr\/wp-json\/wp\/v2\/posts"}],"about":[{"href":"https:\/\/www.fanzword.com\/fr\/wp-json\/wp\/v2\/types\/post"}],"author":[{"embeddable":true,"href":"https:\/\/www.fanzword.com\/fr\/wp-json\/wp\/v2\/users\/2"}],"replies":[{"embeddable":true,"href":"https:\/\/www.fanzword.com\/fr\/wp-json\/wp\/v2\/comments?post=57936"}],"version-history":[{"count":1,"href":"https:\/\/www.fanzword.com\/fr\/wp-json\/wp\/v2\/posts\/57936\/revisions"}],"predecessor-version":[{"id":57937,"href":"https:\/\/www.fanzword.com\/fr\/wp-json\/wp\/v2\/posts\/57936\/revisions\/57937"}],"wp:featuredmedia":[{"embeddable":true,"href":"https:\/\/www.fanzword.com\/fr\/wp-json\/wp\/v2\/media\/57931"}],"wp:attachment":[{"href":"https:\/\/www.fanzword.com\/fr\/wp-json\/wp\/v2\/media?parent=57936"}],"wp:term":[{"taxonomy":"category","embeddable":true,"href":"https:\/\/www.fanzword.com\/fr\/wp-json\/wp\/v2\/categories?post=57936"},{"taxonomy":"post_tag","embeddable":true,"href":"https:\/\/www.fanzword.com\/fr\/wp-json\/wp\/v2\/tags?post=57936"}],"curies":[{"name":"wp","href":"https:\/\/api.w.org\/{rel}","templated":true}]}}