{"id":57136,"date":"2025-09-09T17:16:00","date_gmt":"2025-09-09T17:16:00","guid":{"rendered":"https:\/\/www.fanzword.com\/?p=57136"},"modified":"2025-09-09T17:16:00","modified_gmt":"2025-09-09T17:16:00","slug":"le-real-madrid-decide-de-boycotter-le-gala-du-ballon-dor-2025","status":"publish","type":"post","link":"https:\/\/www.fanzword.com\/fr\/le-real-madrid-decide-de-boycotter-le-gala-du-ballon-dor-2025\/","title":{"rendered":"Le Real Madrid d\u00e9cide de boycotter le gala du Ballon d&rsquo;Or 2025"},"content":{"rendered":"<p>Marca rapporte que la direction du Real Madrid a d\u00e9cid\u00e9 de boycotter le gala du Ballon d&rsquo;Or pour la deuxi\u00e8me ann\u00e9e cons\u00e9cutive.<\/p>\n<p>Le club avait demand\u00e9 \u00e0 tous ses joueurs et \u00e0 son staff de ne pas assister \u00e0 la c\u00e9r\u00e9monie de l&rsquo;ann\u00e9e derni\u00e8re apr\u00e8s l&rsquo;annonce de la victoire de Rodri au Ballon d&rsquo;Or \u00e0 la place de Vinicius Junior.<\/p>\n<p>Depuis, le Real Madrid a lanc\u00e9 une contre-campagne contre le magazine France Football concernant les crit\u00e8res d&rsquo;attribution du prix et le traitement injuste r\u00e9serv\u00e9 \u00e0 Vinicius. Cette campagne se poursuit encore aujourd&rsquo;hui.<\/p>\n<p>Selon les derni\u00e8res informations, une d\u00e9l\u00e9gation de France Football s&rsquo;est rendue \u00e0 Madrid pour rencontrer l&rsquo;administration de Florentino P\u00e9rez et tenter de r\u00e9soudre les diff\u00e9rends. Cependant, la rencontre s&rsquo;est av\u00e9r\u00e9e infructueuse et le Real Madrid a maintenu sa position contre le journal.<\/p>\n<p>Les dirigeants du Real Madrid ont de nouveau d\u00e9cid\u00e9 qu&rsquo;aucun repr\u00e9sentant du club n&rsquo;assisterait \u00e0 la c\u00e9r\u00e9monie \u00e0 Paris dans deux semaines.<\/p>\n<p>Ousmane Demb\u00e9l\u00e9 reste le favori pour le Ballon d&rsquo;Or 2025, et doit faire face \u00e0 une rude concurrence de la part de Lamine Yamal. Comme l&rsquo;an dernier, l&rsquo;identit\u00e9 du vainqueur ne sera r\u00e9v\u00e9l\u00e9e qu&rsquo;au dernier moment.<\/p>\n","protected":false},"excerpt":{"rendered":"<p>Marca rapporte que la direction du Real Madrid a d\u00e9cid\u00e9 de boycotter le gala du Ballon d&rsquo;Or pour la deuxi\u00e8me ann\u00e9e cons\u00e9cutive. Le club avait demand\u00e9 \u00e0 tous ses joueurs et \u00e0 son staff de ne pas assister \u00e0 la c\u00e9r\u00e9monie de l&rsquo;ann\u00e9e derni\u00e8re apr\u00e8s l&rsquo;annonce de la victoire de Rodri au Ballon d&rsquo;Or \u00e0 [&hellip;]<\/p>\n","protected":false},"author":2,"featured_media":57130,"comment_status":"closed","ping_status":"closed","sticky":false,"template":"","format":"standard","meta":{"sfio_featured_image":false,"sfio_embed_code":"","footnotes":""},"categories":[222],"tags":[],"class_list":["post-57136","post","type-post","status-publish","format-standard","has-post-thumbnail","hentry","category-real-madrid-fr"],"_links":{"self":[{"href":"https:\/\/www.fanzword.com\/fr\/wp-json\/wp\/v2\/posts\/57136","targetHints":{"allow":["GET"]}}],"collection":[{"href":"https:\/\/www.fanzword.com\/fr\/wp-json\/wp\/v2\/posts"}],"about":[{"href":"https:\/\/www.fanzword.com\/fr\/wp-json\/wp\/v2\/types\/post"}],"author":[{"embeddable":true,"href":"https:\/\/www.fanzword.com\/fr\/wp-json\/wp\/v2\/users\/2"}],"replies":[{"embeddable":true,"href":"https:\/\/www.fanzword.com\/fr\/wp-json\/wp\/v2\/comments?post=57136"}],"version-history":[{"count":1,"href":"https:\/\/www.fanzword.com\/fr\/wp-json\/wp\/v2\/posts\/57136\/revisions"}],"predecessor-version":[{"id":57137,"href":"https:\/\/www.fanzword.com\/fr\/wp-json\/wp\/v2\/posts\/57136\/revisions\/57137"}],"wp:featuredmedia":[{"embeddable":true,"href":"https:\/\/www.fanzword.com\/fr\/wp-json\/wp\/v2\/media\/57130"}],"wp:attachment":[{"href":"https:\/\/www.fanzword.com\/fr\/wp-json\/wp\/v2\/media?parent=57136"}],"wp:term":[{"taxonomy":"category","embeddable":true,"href":"https:\/\/www.fanzword.com\/fr\/wp-json\/wp\/v2\/categories?post=57136"},{"taxonomy":"post_tag","embeddable":true,"href":"https:\/\/www.fanzword.com\/fr\/wp-json\/wp\/v2\/tags?post=57136"}],"curies":[{"name":"wp","href":"https:\/\/api.w.org\/{rel}","templated":true}]}}