{"id":55074,"date":"2025-08-15T10:11:53","date_gmt":"2025-08-15T10:11:53","guid":{"rendered":"https:\/\/www.fanzword.com\/?p=55074"},"modified":"2025-08-15T10:11:53","modified_gmt":"2025-08-15T10:11:53","slug":"mbappe-fait-deux-promesses-enthousiasmantes-a-perez-avant-le-debut-de-la-saison","status":"publish","type":"post","link":"https:\/\/www.fanzword.com\/fr\/mbappe-fait-deux-promesses-enthousiasmantes-a-perez-avant-le-debut-de-la-saison\/","title":{"rendered":"Mbapp\u00e9 fait deux promesses enthousiasmantes \u00e0 Perez avant le d\u00e9but de la saison"},"content":{"rendered":"<p>Defensa Central a r\u00e9v\u00e9l\u00e9 deux promesses enthousiasmantes faites par la star du Real Madrid, Kylian Mbapp\u00e9, au pr\u00e9sident du club, Florentino P\u00e9rez, lors d&rsquo;une conversation quelques heures avant le d\u00e9but de la saison 2025-26 de la Liga.<\/p>\n<p>La premi\u00e8re saison de Mbapp\u00e9 au Santiago Bernab\u00e9u n&rsquo;a pas \u00e9t\u00e9 enti\u00e8rement fructueuse. Bien que l&rsquo;international fran\u00e7ais soit devenu le meilleur buteur du Real Madrid d\u00e8s sa premi\u00e8re saison, il a perdu toutes les comp\u00e9titions nationales, ne remportant que la Supercoupe de l&rsquo;UEFA et la Coupe Intercontinentale.<\/p>\n<p>Lors d&rsquo;une rencontre avec Perez, Mbapp\u00e9 lui a promis qu&rsquo;il ram\u00e8nerait la Ligue des champions au Real Madrid cette saison et qu&rsquo;il r\u00e9aliserait des performances aussi bonnes que pr\u00e9vu, voire meilleures.<\/p>\n<p>La deuxi\u00e8me promesse du joueur de 25 ans au pr\u00e9sident historique du club concernait un objectif personnel. Mbapp\u00e9 lui a assur\u00e9 qu&rsquo;il ferait de son mieux pour d\u00e9passer la barre des 50 buts cette saison, ce qui refl\u00e8te le niveau d&rsquo;exigence qu&rsquo;il se fixe.<\/p>\n<p>La saison de Mbapp\u00e9 avec le Real Madrid d\u00e9butera mardi prochain, lorsque l&rsquo;\u00e9quipe de Xabi Alonso recevra Osasuna pour le compte de la premi\u00e8re journ\u00e9e de la Liga au Santiago Bernab\u00e9u.<\/p>\n<p>Il est \u00e0 noter que pour sa premi\u00e8re saison avec le Real Madrid, Mbapp\u00e9 a disput\u00e9 59 matchs, marqu\u00e9 44 buts et d\u00e9livr\u00e9 cinq passes d\u00e9cisives.<\/p>\n","protected":false},"excerpt":{"rendered":"<p>Defensa Central a r\u00e9v\u00e9l\u00e9 deux promesses enthousiasmantes faites par la star du Real Madrid, Kylian Mbapp\u00e9, au pr\u00e9sident du club, Florentino P\u00e9rez, lors d&rsquo;une conversation quelques heures avant le d\u00e9but de la saison 2025-26 de la Liga. La premi\u00e8re saison de Mbapp\u00e9 au Santiago Bernab\u00e9u n&rsquo;a pas \u00e9t\u00e9 enti\u00e8rement fructueuse. Bien que l&rsquo;international fran\u00e7ais soit [&hellip;]<\/p>\n","protected":false},"author":2,"featured_media":55070,"comment_status":"closed","ping_status":"closed","sticky":false,"template":"","format":"standard","meta":{"sfio_featured_image":false,"sfio_embed_code":"","footnotes":""},"categories":[219,220,222],"tags":[],"class_list":["post-55074","post","type-post","status-publish","format-standard","has-post-thumbnail","hentry","category-kylian-mbappe-fr","category-la-liga-fr","category-real-madrid-fr"],"_links":{"self":[{"href":"https:\/\/www.fanzword.com\/fr\/wp-json\/wp\/v2\/posts\/55074","targetHints":{"allow":["GET"]}}],"collection":[{"href":"https:\/\/www.fanzword.com\/fr\/wp-json\/wp\/v2\/posts"}],"about":[{"href":"https:\/\/www.fanzword.com\/fr\/wp-json\/wp\/v2\/types\/post"}],"author":[{"embeddable":true,"href":"https:\/\/www.fanzword.com\/fr\/wp-json\/wp\/v2\/users\/2"}],"replies":[{"embeddable":true,"href":"https:\/\/www.fanzword.com\/fr\/wp-json\/wp\/v2\/comments?post=55074"}],"version-history":[{"count":1,"href":"https:\/\/www.fanzword.com\/fr\/wp-json\/wp\/v2\/posts\/55074\/revisions"}],"predecessor-version":[{"id":55075,"href":"https:\/\/www.fanzword.com\/fr\/wp-json\/wp\/v2\/posts\/55074\/revisions\/55075"}],"wp:featuredmedia":[{"embeddable":true,"href":"https:\/\/www.fanzword.com\/fr\/wp-json\/wp\/v2\/media\/55070"}],"wp:attachment":[{"href":"https:\/\/www.fanzword.com\/fr\/wp-json\/wp\/v2\/media?parent=55074"}],"wp:term":[{"taxonomy":"category","embeddable":true,"href":"https:\/\/www.fanzword.com\/fr\/wp-json\/wp\/v2\/categories?post=55074"},{"taxonomy":"post_tag","embeddable":true,"href":"https:\/\/www.fanzword.com\/fr\/wp-json\/wp\/v2\/tags?post=55074"}],"curies":[{"name":"wp","href":"https:\/\/api.w.org\/{rel}","templated":true}]}}